{"id":8625,"date":"2018-06-04T13:50:19","date_gmt":"2018-06-04T16:50:19","guid":{"rendered":"http:\/\/www.azullimao.com.br\/portal\/?p=8625"},"modified":"2018-06-04T13:51:13","modified_gmt":"2018-06-04T16:51:13","slug":"vacinacao-antirrabica-em-caes-e-gatos-prossegue-no-municipio","status":"publish","type":"post","link":"https:\/\/www.azullimao.com.br\/portal\/colunas\/vacinacao-antirrabica-em-caes-e-gatos-prossegue-no-municipio\/","title":{"rendered":"Vacina\u00e7\u00e3o antirr\u00e1bica em c\u00e3es e gatos prossegue no munic\u00edpio"},"content":{"rendered":"<p>A Secretaria de Sa\u00fade de Maca\u00e9 prossegue com a pr\u00e9-campanha de vacina\u00e7\u00e3o antirr\u00e1bica em c\u00e3es e gatos do munic\u00edpio. At\u00e9 o momento, 2.392 animais, sendo 2.023 cachorros e 369 gatos, j\u00e1 foram imunizados. Este ano, a meta do Centro de Controle de Zoonoses (CCZ) \u00e9 imunizar 24.096 animais. A campanha \u00e9 realizada de segunda a sexta-feira e segue at\u00e9 setembro.<\/p>\n<p>Nesta semana, a vacina segue nos bairros Eldorado, Vila Badejo, Parque Uni\u00e3o, Fazenda Piracema, Jardim Carioca, Jardim Carioca I, Jardim Esperan\u00e7a e Nova Esperan\u00e7a. A campanha obedece um cronograma com a realiza\u00e7\u00e3o de 116 pontos de vacina\u00e7\u00e3o na cidade e regi\u00e3o serrana.<\/p>\n<p>Os veterin\u00e1rios do CCZ ressaltam que \u00e9 importante que o animal n\u00e3o esteja doente e seja levado por um adulto com a carteira de vacina\u00e7\u00e3o. Em caso de f\u00eameas que estejam amamentando ou esperando filhotes, a vacina n\u00e3o \u00e9 recomendada. A doen\u00e7a \u00e9 letal e pode ser transmitida para os seres humanos a partir da mordida de c\u00e3es e gatos infectados.<\/p>\n<p>O Coordenador Especial de Promo\u00e7\u00e3o da Sa\u00fade dos Animais e Controle de Zoonoses (CEPSACZ), Rafael Amorim, acrescentou que, al\u00e9m da vacina\u00e7\u00e3o, est\u00e1 sendo feito o registro dos c\u00e3es e gatos, para que possam ser tra\u00e7adas novas estrat\u00e9gias para controle populacional, por meio da esteriliza\u00e7\u00e3o cir\u00fargica (castra\u00e7\u00e3o).<\/p>\n<p><strong>Programa\u00e7\u00e3o<\/strong><\/p>\n<p>Segunda-feira (4), de 9 \u00e0s 16h, na Rua Nelson Correa Brum, em frente \u00e0 padaria Del\u00edcia de P\u00e3o&amp;quot, no Novo Eldorado.<\/p>\n<p>Ter\u00e7a-feira (5), de 9 \u00e0s 16h, no antigo ponto final das vans, na Vila Badejo e no Parque Uni\u00e3o ESF, no Barreto.<\/p>\n<p>Quarta-feira (6), de 9 \u00e0s 16h, na rua principal da Fazenda Piracema e na Rua S\u00e3o Jo\u00e3o, no Jardim Carioca I, pr\u00f3ximo ao Bar do Amarinho.<\/p>\n<p>Quinta-feira (7) no Jardim Esperan\u00e7a, volante, de 9h \u00e0s 12h e no Jardim Carioca, volante, de 13h \u00e0s 16h.<\/p>\n<p>Sexta-feira (8), de 9h \u00e0s 16h, no Varand\u00e3o, Nova Esperan\u00e7a.<\/p>\n<p><a href=\"http:\/\/www.macae.rj.gov.br\/noticias\/leitura\/noticia\/vacinacao-antirrabica-em-caes-e-gatos-prossegue-no-municipio\" target=\"_blank\" rel=\"noopener\">Fonte: Prefeitura de Maca\u00e9<\/a><br \/>\nJornalista: Julie Silveira<br \/>\n<strong>Foto:\u00a0Rui Porto Filho &#8211; Arquivo Secom<br \/>\n<\/strong><\/p>\n","protected":false},"excerpt":{"rendered":"<p>A Secretaria de Sa\u00fade de Maca\u00e9 prossegue com a pr\u00e9-campanha de vacina\u00e7\u00e3o antirr\u00e1bica em c\u00e3es e gatos do munic\u00edpio. At\u00e9<\/p>\n","protected":false},"author":7,"featured_media":8626,"comment_status":"open","ping_status":"open","sticky":false,"template":"","format":"standard","meta":{"footnotes":""},"categories":[192,269],"tags":[1287],"class_list":["post-8625","post","type-post","status-publish","format-standard","has-post-thumbnail","hentry","category-colunas","category-falando-de-bichos","tag-vacinacao"],"_links":{"self":[{"href":"https:\/\/www.azullimao.com.br\/portal\/wp-json\/wp\/v2\/posts\/8625","targetHints":{"allow":["GET"]}}],"collection":[{"href":"https:\/\/www.azullimao.com.br\/portal\/wp-json\/wp\/v2\/posts"}],"about":[{"href":"https:\/\/www.azullimao.com.br\/portal\/wp-json\/wp\/v2\/types\/post"}],"author":[{"embeddable":true,"href":"https:\/\/www.azullimao.com.br\/portal\/wp-json\/wp\/v2\/users\/7"}],"replies":[{"embeddable":true,"href":"https:\/\/www.azullimao.com.br\/portal\/wp-json\/wp\/v2\/comments?post=8625"}],"version-history":[{"count":2,"href":"https:\/\/www.azullimao.com.br\/portal\/wp-json\/wp\/v2\/posts\/8625\/revisions"}],"predecessor-version":[{"id":8628,"href":"https:\/\/www.azullimao.com.br\/portal\/wp-json\/wp\/v2\/posts\/8625\/revisions\/8628"}],"wp:featuredmedia":[{"embeddable":true,"href":"https:\/\/www.azullimao.com.br\/portal\/wp-json\/wp\/v2\/media\/8626"}],"wp:attachment":[{"href":"https:\/\/www.azullimao.com.br\/portal\/wp-json\/wp\/v2\/media?parent=8625"}],"wp:term":[{"taxonomy":"category","embeddable":true,"href":"https:\/\/www.azullimao.com.br\/portal\/wp-json\/wp\/v2\/categories?post=8625"},{"taxonomy":"post_tag","embeddable":true,"href":"https:\/\/www.azullimao.com.br\/portal\/wp-json\/wp\/v2\/tags?post=8625"}],"curies":[{"name":"wp","href":"https:\/\/api.w.org\/{rel}","templated":true}]}}