{"id":8092,"date":"2019-11-28T10:23:48","date_gmt":"2019-11-28T13:23:48","guid":{"rendered":"http:\/\/www.azullimao.com.br\/portal\/?p=8092"},"modified":"2019-11-28T12:39:03","modified_gmt":"2019-11-28T15:39:03","slug":"waffles-de-queijo-sem-gluten","status":"publish","type":"post","link":"https:\/\/www.azullimao.com.br\/portal\/colunas\/virginia-gazone\/waffles-de-queijo-sem-gluten\/","title":{"rendered":"Waffles de queijo (sem gl\u00faten)"},"content":{"rendered":"<p><img loading=\"lazy\" decoding=\"async\" class=\"aligncenter wp-image-1689 size-full\" title=\"Gastronomia\" src=\"https:\/\/www.azullimao.com.br\/portal\/wp-content\/uploads\/2017\/02\/virginia_gazeone.jpg\" alt=\"receitas\" width=\"800\" height=\"250\" srcset=\"https:\/\/www.azullimao.com.br\/portal\/wp-content\/uploads\/2017\/02\/virginia_gazeone.jpg 800w, https:\/\/www.azullimao.com.br\/portal\/wp-content\/uploads\/2017\/02\/virginia_gazeone-300x94.jpg 300w, https:\/\/www.azullimao.com.br\/portal\/wp-content\/uploads\/2017\/02\/virginia_gazeone-768x240.jpg 768w\" sizes=\"auto, (max-width: 800px) 100vw, 800px\" \/><\/p>\n<p style=\"text-align: center;\"><strong><span style=\"font-family: verdana, geneva, sans-serif; font-size: 20px;\">Nesta tarde deliciosa, separamos uma receitinha r\u00e1pida, f\u00e1cil e melhor, sem gl\u00faten!\u00a0<\/span><\/strong><br \/>\n<strong><span style=\"font-family: verdana, geneva, sans-serif; font-size: 20px;\">Ela tanto serve para o lanche da tarde quanto para o jantar.<br \/>\n<\/span><\/strong><strong><span style=\"font-family: verdana, geneva, sans-serif; font-size: 20px;\">Sua fam\u00edlia vai amar!!! Confira.\u00a0\u00a0<\/span><\/strong><\/p>\n<p>&nbsp;<\/p>\n<p><img loading=\"lazy\" decoding=\"async\" class=\"wp-image-8094 size-full aligncenter\" src=\"https:\/\/www.azullimao.com.br\/portal\/wp-content\/uploads\/2018\/04\/faixa_ingredientes.jpg\" alt=\"\" width=\"772\" height=\"110\" srcset=\"https:\/\/www.azullimao.com.br\/portal\/wp-content\/uploads\/2018\/04\/faixa_ingredientes.jpg 772w, https:\/\/www.azullimao.com.br\/portal\/wp-content\/uploads\/2018\/04\/faixa_ingredientes-300x43.jpg 300w, https:\/\/www.azullimao.com.br\/portal\/wp-content\/uploads\/2018\/04\/faixa_ingredientes-768x109.jpg 768w\" sizes=\"auto, (max-width: 772px) 100vw, 772px\" \/><\/p>\n<p style=\"text-align: center;\"><span style=\"font-family: verdana, geneva, sans-serif;\">3 ovos<br \/>\n<\/span><\/p>\n<p style=\"text-align: center;\"><span style=\"font-family: verdana, geneva, sans-serif;\">2 x\u00edcaras (ch\u00e1) de leite<br \/>\n<\/span><\/p>\n<p style=\"text-align: center;\"><span style=\"font-family: verdana, geneva, sans-serif;\">\u00bd x\u00edcara (ch\u00e1) de \u00f3leo<br \/>\n<\/span><\/p>\n<p style=\"text-align: center;\"><span style=\"font-family: verdana, geneva, sans-serif;\">500 g de polvilho azedo ou doce<br \/>\n<\/span><\/p>\n<p style=\"text-align: center;\"><span style=\"font-family: verdana, geneva, sans-serif;\">1 colher (ch\u00e1) de sal<br \/>\n<\/span><\/p>\n<p style=\"text-align: center;\"><span style=\"font-family: verdana, geneva, sans-serif;\">150 g de parmes\u00e3o ralado<\/span><\/p>\n<p>&nbsp;<\/p>\n<p style=\"text-align: center;\"><img loading=\"lazy\" decoding=\"async\" class=\"aligncenter wp-image-8093 size-full\" src=\"https:\/\/www.azullimao.com.br\/portal\/wp-content\/uploads\/2018\/04\/faixa_aopreparo.jpg\" alt=\"\" width=\"772\" height=\"110\" srcset=\"https:\/\/www.azullimao.com.br\/portal\/wp-content\/uploads\/2018\/04\/faixa_aopreparo.jpg 772w, https:\/\/www.azullimao.com.br\/portal\/wp-content\/uploads\/2018\/04\/faixa_aopreparo-300x43.jpg 300w, https:\/\/www.azullimao.com.br\/portal\/wp-content\/uploads\/2018\/04\/faixa_aopreparo-768x109.jpg 768w\" sizes=\"auto, (max-width: 772px) 100vw, 772px\" \/><\/p>\n<p style=\"text-align: center; padding-left: 30px;\"><span style=\"font-family: verdana, geneva, sans-serif;\"><br \/>\nReserve o parmes\u00e3o e bata os demais ingredientes no liquidificador<\/span><br \/>\n<span style=\"font-family: verdana, geneva, sans-serif;\">Junte o parmes\u00e3o e pulse somente para misturar<\/span><br \/>\n<span style=\"font-family: verdana, geneva, sans-serif;\">\u00a0 \u00a0 \u00a0 \u00a0 \u00a0 Com uma concha, espalhe uma por\u00e7\u00e3o da massa na chapa da m\u00e1quina de waffle j\u00e1 quente (ou sanduicheira),\u00a0<\/span><br \/>\n<span style=\"font-family: verdana, geneva, sans-serif;\">fazendo uma fina camada. <\/span><br \/>\n<span style=\"font-family: verdana, geneva, sans-serif;\">Feche e deixe cozinhar por cerca de 5 minutos ou at\u00e9 dourar<\/span><br \/>\n<span style=\"font-family: verdana, geneva, sans-serif;\"> Sirva em seguida.<\/span><\/p>\n<p>&nbsp;<\/p>\n<p>&nbsp;<\/p>\n<p>&nbsp;<\/p>\n<p><span style=\"font-family: verdana, geneva, sans-serif; font-size: 12px;\"><em>Fonte: anamariabraga.globo.com<\/em><\/span><\/p>\n","protected":false},"excerpt":{"rendered":"<p>Nesta tarde deliciosa, separamos uma receitinha r\u00e1pida, f\u00e1cil e melhor, sem gl\u00faten!\u00a0 Ela tanto serve para o lanche da tarde<\/p>\n","protected":false},"author":7,"featured_media":8099,"comment_status":"open","ping_status":"open","sticky":false,"template":"","format":"standard","meta":{"footnotes":""},"categories":[186,165],"tags":[2101,321,1488],"class_list":["post-8092","post","type-post","status-publish","format-standard","has-post-thumbnail","hentry","category-gastronomia","category-virginia-gazone","tag-2101","tag-lanche-da-tarde","tag-waffle"],"_links":{"self":[{"href":"https:\/\/www.azullimao.com.br\/portal\/wp-json\/wp\/v2\/posts\/8092","targetHints":{"allow":["GET"]}}],"collection":[{"href":"https:\/\/www.azullimao.com.br\/portal\/wp-json\/wp\/v2\/posts"}],"about":[{"href":"https:\/\/www.azullimao.com.br\/portal\/wp-json\/wp\/v2\/types\/post"}],"author":[{"embeddable":true,"href":"https:\/\/www.azullimao.com.br\/portal\/wp-json\/wp\/v2\/users\/7"}],"replies":[{"embeddable":true,"href":"https:\/\/www.azullimao.com.br\/portal\/wp-json\/wp\/v2\/comments?post=8092"}],"version-history":[{"count":4,"href":"https:\/\/www.azullimao.com.br\/portal\/wp-json\/wp\/v2\/posts\/8092\/revisions"}],"predecessor-version":[{"id":15166,"href":"https:\/\/www.azullimao.com.br\/portal\/wp-json\/wp\/v2\/posts\/8092\/revisions\/15166"}],"wp:featuredmedia":[{"embeddable":true,"href":"https:\/\/www.azullimao.com.br\/portal\/wp-json\/wp\/v2\/media\/8099"}],"wp:attachment":[{"href":"https:\/\/www.azullimao.com.br\/portal\/wp-json\/wp\/v2\/media?parent=8092"}],"wp:term":[{"taxonomy":"category","embeddable":true,"href":"https:\/\/www.azullimao.com.br\/portal\/wp-json\/wp\/v2\/categories?post=8092"},{"taxonomy":"post_tag","embeddable":true,"href":"https:\/\/www.azullimao.com.br\/portal\/wp-json\/wp\/v2\/tags?post=8092"}],"curies":[{"name":"wp","href":"https:\/\/api.w.org\/{rel}","templated":true}]}}