{"id":5761,"date":"2017-09-19T19:35:51","date_gmt":"2017-09-19T22:35:51","guid":{"rendered":"http:\/\/www.azullimao.com.br\/portal\/?p=5761"},"modified":"2017-09-19T19:38:09","modified_gmt":"2017-09-19T22:38:09","slug":"crepioca","status":"publish","type":"post","link":"https:\/\/www.azullimao.com.br\/portal\/colunas\/virginia-gazone\/crepioca\/","title":{"rendered":"Crepioca"},"content":{"rendered":"<p><img loading=\"lazy\" decoding=\"async\" class=\"aligncenter wp-image-1689 size-full\" title=\"Gastronomia\" src=\"https:\/\/www.azullimao.com.br\/portal\/wp-content\/uploads\/2017\/02\/virginia_gazeone.jpg\" alt=\"receitas\" width=\"800\" height=\"250\" srcset=\"https:\/\/www.azullimao.com.br\/portal\/wp-content\/uploads\/2017\/02\/virginia_gazeone.jpg 800w, https:\/\/www.azullimao.com.br\/portal\/wp-content\/uploads\/2017\/02\/virginia_gazeone-300x94.jpg 300w, https:\/\/www.azullimao.com.br\/portal\/wp-content\/uploads\/2017\/02\/virginia_gazeone-768x240.jpg 768w\" sizes=\"auto, (max-width: 800px) 100vw, 800px\" \/><\/p>\n<p style=\"text-align: center\"><span style=\"font-family: verdana, geneva, sans-serif;font-size: 24px\">T\u00e1 sem tempo e quer um lanche que substitua o jantar!<br \/>\n<\/span><span style=\"font-family: verdana, geneva, sans-serif;font-size: 24px\">Buscamos uma receita de Crepioca r\u00e1pida e deliciosa.<br \/>\nConfira!\u00a0<\/span><\/p>\n<p><img loading=\"lazy\" decoding=\"async\" class=\"aligncenter wp-image-5763 size-full\" src=\"https:\/\/www.azullimao.com.br\/portal\/wp-content\/uploads\/2017\/09\/faixa_ingredientes.jpg\" alt=\"\" width=\"772\" height=\"110\" srcset=\"https:\/\/www.azullimao.com.br\/portal\/wp-content\/uploads\/2017\/09\/faixa_ingredientes.jpg 772w, https:\/\/www.azullimao.com.br\/portal\/wp-content\/uploads\/2017\/09\/faixa_ingredientes-300x43.jpg 300w, https:\/\/www.azullimao.com.br\/portal\/wp-content\/uploads\/2017\/09\/faixa_ingredientes-768x109.jpg 768w\" sizes=\"auto, (max-width: 772px) 100vw, 772px\" \/><\/p>\n<p style=\"text-align: center\"><span style=\"font-family: verdana, geneva, sans-serif\">1 ovo<\/span><br \/>\n<span style=\"font-family: verdana, geneva, sans-serif\">2 colheres (sopa) de goma para tapioca (aquela que vem pronta pra fazer tapioca na frigideira)<\/span><br \/>\n<span style=\"font-family: verdana, geneva, sans-serif\">2 colheres (sopa) de parmes\u00e3o ralado\u00a0<\/span><br \/>\n<span style=\"font-family: verdana, geneva, sans-serif\">1 colher (sopa) de salsinha<\/span><br \/>\n<span style=\"font-family: verdana, geneva, sans-serif\">Sal e temperinhos (de acordo com seu gosto)<\/span><br \/>\n<span style=\"font-family: verdana, geneva, sans-serif\">Bata tudo com um garfo ou batedor de arame<br \/>\n<\/span><\/p>\n<p>&nbsp;<\/p>\n<p><img loading=\"lazy\" decoding=\"async\" class=\"aligncenter wp-image-5762 size-full\" src=\"https:\/\/www.azullimao.com.br\/portal\/wp-content\/uploads\/2017\/09\/faixa_aopreparo.jpg\" alt=\"\" width=\"772\" height=\"110\" srcset=\"https:\/\/www.azullimao.com.br\/portal\/wp-content\/uploads\/2017\/09\/faixa_aopreparo.jpg 772w, https:\/\/www.azullimao.com.br\/portal\/wp-content\/uploads\/2017\/09\/faixa_aopreparo-300x43.jpg 300w, https:\/\/www.azullimao.com.br\/portal\/wp-content\/uploads\/2017\/09\/faixa_aopreparo-768x109.jpg 768w\" sizes=\"auto, (max-width: 772px) 100vw, 772px\" \/><\/p>\n<p>&nbsp;<\/p>\n<p style=\"text-align: center\"><span style=\"font-family: verdana, geneva, sans-serif\">Despeje metade da mistura em uma frigideira antiaderente e leve ao fogo baixo e deixe firmar.<br \/>\nVire e deixe firmar do outro lado.<br \/>\nEspalhe metade do recheio sobre a massa e dobre ao meio.<br \/>\nSirva-se!<br \/>\n<\/span><\/p>\n<p style=\"text-align: center\"><span style=\"font-family: verdana, geneva, sans-serif\"><em><strong><span style=\"font-size: 28px\">Recheios<\/span>\u00a0<\/strong><\/em><\/span><\/p>\n<p style=\"text-align: center\"><span style=\"font-family: verdana, geneva, sans-serif\"><em><strong> Queijo e Peito de Peru<br \/>\n<\/strong><\/em><\/span><span style=\"font-family: verdana, geneva, sans-serif\"><br \/>\nQueijo minas frescal em cubos<br \/>\nPeito de peru em cubos<br \/>\n2 colheres (sopa) de azeite<br \/>\nFolhas de manjeric\u00e3o a gosto<\/span><\/p>\n<p style=\"text-align: center\"><span style=\"font-family: verdana, geneva, sans-serif\"><em><strong>Funcional\u00a0<\/strong><\/em><\/span><\/p>\n<p style=\"text-align: center\"><span style=\"font-family: verdana, geneva, sans-serif\">Queijo cottage<\/span><br \/>\n<span style=\"font-family: verdana, geneva, sans-serif\">Tomate-cereja<\/span><br \/>\n<span style=\"font-family: verdana, geneva, sans-serif\">Or\u00e9gano<\/span><\/p>\n<p style=\"text-align: center\"><em><strong><span style=\"font-family: verdana, geneva, sans-serif\">Espinafre, queijo branco e cenoura\u00a0<\/span><\/strong><\/em><\/p>\n<p style=\"text-align: center\"><span style=\"font-family: verdana, geneva, sans-serif\">1\/2 x\u00edcara (ch\u00e1) de espinafre escaldado<\/span><br \/>\n<span style=\"font-family: verdana, geneva, sans-serif\">1 cenoura crua ralada<\/span><br \/>\n<span style=\"font-family: verdana, geneva, sans-serif\">Cubos de queijo branco<\/span><\/p>\n<p style=\"text-align: center\"><em><strong><span style=\"font-family: verdana, geneva, sans-serif\">Frango\u00a0<\/span><\/strong><\/em><\/p>\n<p style=\"text-align: center\"><span style=\"font-family: verdana, geneva, sans-serif\">2 colheres (sopa) de azeite<br \/>\n<\/span><span style=\"font-family: verdana, geneva, sans-serif\">1\/2 cebola picada<br \/>\n<\/span><span style=\"font-family: verdana, geneva, sans-serif\">3 x\u00edcaras (ch\u00e1) de frango cozido e desfiado<br \/>\n<\/span><span style=\"font-family: verdana, geneva, sans-serif\">1\/2 lata de ervilha escorrida<br \/>\n<\/span><span style=\"font-family: verdana, geneva, sans-serif\">1\/2 lata de milho verde\u00a0escorrido<br \/>\n<\/span><span style=\"font-family: verdana, geneva, sans-serif\">1 tomate picado<br \/>\n<\/span><span style=\"font-family: verdana, geneva, sans-serif\">Sal e cheiro-verde picado a gosto<br \/>\n<\/span><span style=\"font-family: verdana, geneva, sans-serif\">1 x\u00edcara (ch\u00e1) de requeij\u00e3o cremoso<\/span><\/p>\n<p>&nbsp;<\/p>\n","protected":false},"excerpt":{"rendered":"<p>T\u00e1 sem tempo e quer um lanche que substitua o jantar! Buscamos uma receita de Crepioca r\u00e1pida e deliciosa. Confira!\u00a0<\/p>\n","protected":false},"author":7,"featured_media":5766,"comment_status":"open","ping_status":"open","sticky":false,"template":"","format":"standard","meta":{"footnotes":""},"categories":[186,165],"tags":[908,675,439],"class_list":["post-5761","post","type-post","status-publish","format-standard","has-post-thumbnail","hentry","category-gastronomia","category-virginia-gazone","tag-crepioca","tag-jantar","tag-lanche"],"_links":{"self":[{"href":"https:\/\/www.azullimao.com.br\/portal\/wp-json\/wp\/v2\/posts\/5761","targetHints":{"allow":["GET"]}}],"collection":[{"href":"https:\/\/www.azullimao.com.br\/portal\/wp-json\/wp\/v2\/posts"}],"about":[{"href":"https:\/\/www.azullimao.com.br\/portal\/wp-json\/wp\/v2\/types\/post"}],"author":[{"embeddable":true,"href":"https:\/\/www.azullimao.com.br\/portal\/wp-json\/wp\/v2\/users\/7"}],"replies":[{"embeddable":true,"href":"https:\/\/www.azullimao.com.br\/portal\/wp-json\/wp\/v2\/comments?post=5761"}],"version-history":[{"count":3,"href":"https:\/\/www.azullimao.com.br\/portal\/wp-json\/wp\/v2\/posts\/5761\/revisions"}],"predecessor-version":[{"id":5769,"href":"https:\/\/www.azullimao.com.br\/portal\/wp-json\/wp\/v2\/posts\/5761\/revisions\/5769"}],"wp:featuredmedia":[{"embeddable":true,"href":"https:\/\/www.azullimao.com.br\/portal\/wp-json\/wp\/v2\/media\/5766"}],"wp:attachment":[{"href":"https:\/\/www.azullimao.com.br\/portal\/wp-json\/wp\/v2\/media?parent=5761"}],"wp:term":[{"taxonomy":"category","embeddable":true,"href":"https:\/\/www.azullimao.com.br\/portal\/wp-json\/wp\/v2\/categories?post=5761"},{"taxonomy":"post_tag","embeddable":true,"href":"https:\/\/www.azullimao.com.br\/portal\/wp-json\/wp\/v2\/tags?post=5761"}],"curies":[{"name":"wp","href":"https:\/\/api.w.org\/{rel}","templated":true}]}}