{"id":28931,"date":"2025-10-24T10:26:19","date_gmt":"2025-10-24T13:26:19","guid":{"rendered":"https:\/\/www.azullimao.com.br\/portal\/?p=28931"},"modified":"2025-10-24T10:29:38","modified_gmt":"2025-10-24T13:29:38","slug":"macae-recebe-a-2a-edicao-da-feira-de-cordel-e-cultura-nordestina","status":"publish","type":"post","link":"https:\/\/www.azullimao.com.br\/portal\/materias\/macae-recebe-a-2a-edicao-da-feira-de-cordel-e-cultura-nordestina\/","title":{"rendered":"Maca\u00e9 recebe a 2\u00aa edi\u00e7\u00e3o da Feira de Cordel e Cultura Nordestina"},"content":{"rendered":"<p>_<span style=\"color: #ffffff;\">Evento gratuito celebra as ra\u00edzes nordestinas com poesia, culin\u00e1ria, m\u00fasica e teatro no Parque Aeroporto_<\/span><\/p>\n<p><span style=\"color: #ffffff;\">A cidade de Maca\u00e9 volta a respirar a cultura popular nordestina com a realiza\u00e7\u00e3o da 2\u00aa edi\u00e7\u00e3o do \u201cTradi\u00e7\u00f5es em Versos \u2013 Feira de Cordel e Cultura Nordestina\u201d, que acontece no dia 8 de novembro, das 14h \u00e0s 19h, na quadra do Col\u00e9gio Atl\u00e2ntico, no Parque Aeroporto. O evento, gratuito e acess\u00edvel, re\u00fane poesia, literatura de cordel, teatro, artesanato, culin\u00e1ria t\u00edpica, oficinas e muito forr\u00f3, em um mergulho nas ra\u00edzes e na diversidade cultural da cidade.<\/span><\/p>\n<p><span style=\"color: #ffffff;\">Idealizado por Thiago Nacis e Mariana Adolpho, o projeto nasceu da hist\u00f3ria pessoal de fam\u00edlias nordestinas que migraram para Maca\u00e9 nos anos 2000. Hoje, estima-se que mais da metade da popula\u00e7\u00e3o macaense \u00e9 de outras regi\u00f5es do pa\u00eds, com grande concentra\u00e7\u00e3o de moradores em bairros como da Zona Norte, como Lagomar, Aeroporto, Complexo da Ajuda, entre outros. \u201cA feira \u00e9 um espa\u00e7o de celebra\u00e7\u00e3o dessa identidade e de valoriza\u00e7\u00e3o de um legado que faz parte da forma\u00e7\u00e3o social e afetiva da cidade. Quer\u00edamos criar um ponto de encontro, um espa\u00e7o para que a comunidade nordestina se visse representada e pudesse compartilhar sua cultura com todos os macaenses\u201d, destaca Thiago.<\/span><\/p>\n<p><span style=\"color: #ffffff;\">Entre os destaques da programa\u00e7\u00e3o est\u00e1 a palestra e oficina de cordel com a escritora Edna Gomes, que vai apresentar as origens e os encantos dessa forma tradicional de literatura popular. O Col\u00e9gio Atl\u00e2ntico tamb\u00e9m participa com o projeto Cordel Liter\u00e1rio, edi\u00e7\u00e3o especial da sua feira liter\u00e1ria, que este ano integra a programa\u00e7\u00e3o do evento.<\/span><\/p>\n<p><span style=\"color: #ffffff;\">O palco central receber\u00e1 diversas apresenta\u00e7\u00f5es culturais, incluindo conta\u00e7\u00e3o de hist\u00f3rias e a pe\u00e7a teatral \u201cNo Mei do Sert\u00e3o\u201d, da Cia. Miart, e o show de Pedro Paulo e o Trio Poeira do Sert\u00e3o, \u00e0s 18h, encerrando o evento com muito forr\u00f3, poesia e alegria.<\/span><\/p>\n<p><span style=\"color: #ffffff;\">Al\u00e9m das apresenta\u00e7\u00f5es, o p\u00fablico poder\u00e1 visitar stands de artesanato e comidas t\u00edpicas, o Espa\u00e7o do Cordel, com cenografia e canto instagram\u00e1vel, al\u00e9m de participar das oficinas e atividades interativas pensadas para toda a fam\u00edlia. O evento contar\u00e1 ainda com int\u00e9rprete de Libras e estrutura adaptada com acessibilidade.<\/span><\/p>\n<p><span style=\"color: #ffffff;\">A feira \u00e9 uma realiza\u00e7\u00e3o da Enthusia Produ\u00e7\u00e3o, com apoio do Cordel Liter\u00e1rio do Col\u00e9gio Atl\u00e2ntico Aeroporto. A feira \u201cTradi\u00e7\u00f5es em Versos \u2013 Feira de Cordel e Cultura Nordestina\u201d \u00e9 realizada por meio da Lei Paulo Gustavo, com recursos do Governo Federal, via Minist\u00e9rio da Cultura, em parceria com o Governo do Estado do Rio de Janeiro e a Prefeitura Municipal de Maca\u00e9, por meio da Secretaria Municipal de Cultura, atrav\u00e9s da Pol\u00edtica Nacional Aldir Blanc de Fomento \u00e0 Cultura (PNAB).<\/span><\/p>\n<p><span style=\"color: #ffffff;\">*Servi\u00e7o*<\/span><\/p>\n<p><span style=\"color: #ffffff;\">Evento: Tradi\u00e7\u00f5es em Versos \u2013 Feira de Cordel e Cultura Nordestina<\/span><br \/>\n<span style=\"color: #ffffff;\">Data: 8 de novembro de 2025 (s\u00e1bado)<\/span><br \/>\n<span style=\"color: #ffffff;\">Hor\u00e1rio: 14h \u00e0s 19h<\/span><br \/>\n<span style=\"color: #ffffff;\">Local: Quadra do Col\u00e9gio Atl\u00e2ntico \u2013 Rua Maria L\u00facia Pier Sante, 15, Parque Aeroporto \u2013 Maca\u00e9\/RJ<\/span><\/p>\n<p><span style=\"color: #ffffff;\">Entrada gratuita e acess\u00edvel<\/span><br \/>\n<span style=\"color: #ffffff;\">Instagram: @tradicoesemversos | @enthusiaproducao<\/span><\/p>\n<p><span style=\"color: #ffffff;\">foto: divulga\u00e7\u00e3o<\/span><\/p>\n","protected":false},"excerpt":{"rendered":"<p>_Evento gratuito celebra as ra\u00edzes nordestinas com poesia, culin\u00e1ria, m\u00fasica e teatro no Parque Aeroporto_ A cidade de Maca\u00e9 volta<\/p>\n","protected":false},"author":7,"featured_media":28934,"comment_status":"closed","ping_status":"open","sticky":false,"template":"","format":"standard","meta":{"footnotes":""},"categories":[177],"tags":[],"class_list":["post-28931","post","type-post","status-publish","format-standard","has-post-thumbnail","hentry","category-materias"],"_links":{"self":[{"href":"https:\/\/www.azullimao.com.br\/portal\/wp-json\/wp\/v2\/posts\/28931","targetHints":{"allow":["GET"]}}],"collection":[{"href":"https:\/\/www.azullimao.com.br\/portal\/wp-json\/wp\/v2\/posts"}],"about":[{"href":"https:\/\/www.azullimao.com.br\/portal\/wp-json\/wp\/v2\/types\/post"}],"author":[{"embeddable":true,"href":"https:\/\/www.azullimao.com.br\/portal\/wp-json\/wp\/v2\/users\/7"}],"replies":[{"embeddable":true,"href":"https:\/\/www.azullimao.com.br\/portal\/wp-json\/wp\/v2\/comments?post=28931"}],"version-history":[{"count":5,"href":"https:\/\/www.azullimao.com.br\/portal\/wp-json\/wp\/v2\/posts\/28931\/revisions"}],"predecessor-version":[{"id":28938,"href":"https:\/\/www.azullimao.com.br\/portal\/wp-json\/wp\/v2\/posts\/28931\/revisions\/28938"}],"wp:featuredmedia":[{"embeddable":true,"href":"https:\/\/www.azullimao.com.br\/portal\/wp-json\/wp\/v2\/media\/28934"}],"wp:attachment":[{"href":"https:\/\/www.azullimao.com.br\/portal\/wp-json\/wp\/v2\/media?parent=28931"}],"wp:term":[{"taxonomy":"category","embeddable":true,"href":"https:\/\/www.azullimao.com.br\/portal\/wp-json\/wp\/v2\/categories?post=28931"},{"taxonomy":"post_tag","embeddable":true,"href":"https:\/\/www.azullimao.com.br\/portal\/wp-json\/wp\/v2\/tags?post=28931"}],"curies":[{"name":"wp","href":"https:\/\/api.w.org\/{rel}","templated":true}]}}