{"id":24980,"date":"2023-12-15T14:57:38","date_gmt":"2023-12-15T17:57:38","guid":{"rendered":"https:\/\/www.azullimao.com.br\/portal\/?p=24980"},"modified":"2023-12-15T14:57:38","modified_gmt":"2023-12-15T17:57:38","slug":"posicionamento-ibp-taxa-de-controle-monitoramento-e-fiscalizacao","status":"publish","type":"post","link":"https:\/\/www.azullimao.com.br\/portal\/materias\/posicionamento-ibp-taxa-de-controle-monitoramento-e-fiscalizacao\/","title":{"rendered":"Posicionamento IBP &#8211; Taxa de Controle, Monitoramento e Fiscaliza\u00e7\u00e3o"},"content":{"rendered":"<p>A aprova\u00e7\u00e3o na Assembleia Legislativa do Rio de Janeiro do Projeto de Lei 1473\/22, nesta ter\u00e7a-feira (12\/12), que institui a cobran\u00e7a da \u201cTaxa de Controle, Monitoramento e Fiscaliza\u00e7\u00e3o das Atividades de Explora\u00e7\u00e3o e Produ\u00e7\u00e3o de Petr\u00f3leo e G\u00e1s\u201d (TFPG) representa um retrocesso e uma sinaliza\u00e7\u00e3o negativa para o mercado.<\/p>\n<p>A cobran\u00e7a da TFPG afeta a seguran\u00e7a jur\u00eddica para os novos investimentos no setor de \u00f3leo e g\u00e1s no Estado, assim como empreendimentos em curso. Campos maduros, com margens mais estreitas, podem, inclusive, ficar inviabilizados, com impacto na gera\u00e7\u00e3o de renda e emprego.<\/p>\n<p>Al\u00e9m disso, a previs\u00e3o de arrecada\u00e7\u00e3o da taxa \u00e9 superior ao custo da atividade estatal prestada, o que infringe os princ\u00edpios da proporcionalidade e da razoabilidade. H\u00e1 uma sobreposi\u00e7\u00e3o desse tipo de cobran\u00e7a, j\u00e1 realizada pelo IBAMA.<\/p>\n<p>Essa n\u00e3o \u00e9 a primeira tentativa de instituir a taxa. A TFPG j\u00e1 havia sido inconstitucional pelo Supremo Tribunal Federal e foi vetado pelo Governador do Estado do Rio de Janeiro em 2021. Diante disso, as companhias do setor consideram, inclusive, judicializar a quest\u00e3o.<\/p>\n<p>O Instituto Brasileiro de Petr\u00f3leo e G\u00e1s (IBP), juntamente com demais agentes da ind\u00fastria, espera e confia no veto pelo Governador, a fim de que a taxa n\u00e3o comprometa a atratividade, competitividade e a viabilidade de projetos de \u00f3leo e g\u00e1s que s\u00e3o essenciais para a economia do Estado do Rio de Janeiro.<\/p>\n<p>Cabe ressaltar que o setor opera com os mais elevados padr\u00f5es de seguran\u00e7a e sempre com a premissa de total respeito ao meio ambiente.<\/p>\n<p>Fonte: Assessoria de Imprensa IBP<\/p>\n","protected":false},"excerpt":{"rendered":"<p>A aprova\u00e7\u00e3o na Assembleia Legislativa do Rio de Janeiro do Projeto de Lei 1473\/22, nesta ter\u00e7a-feira (12\/12), que institui a<\/p>\n","protected":false},"author":7,"featured_media":24982,"comment_status":"closed","ping_status":"open","sticky":false,"template":"","format":"standard","meta":{"footnotes":""},"categories":[177],"tags":[],"class_list":["post-24980","post","type-post","status-publish","format-standard","has-post-thumbnail","hentry","category-materias"],"_links":{"self":[{"href":"https:\/\/www.azullimao.com.br\/portal\/wp-json\/wp\/v2\/posts\/24980","targetHints":{"allow":["GET"]}}],"collection":[{"href":"https:\/\/www.azullimao.com.br\/portal\/wp-json\/wp\/v2\/posts"}],"about":[{"href":"https:\/\/www.azullimao.com.br\/portal\/wp-json\/wp\/v2\/types\/post"}],"author":[{"embeddable":true,"href":"https:\/\/www.azullimao.com.br\/portal\/wp-json\/wp\/v2\/users\/7"}],"replies":[{"embeddable":true,"href":"https:\/\/www.azullimao.com.br\/portal\/wp-json\/wp\/v2\/comments?post=24980"}],"version-history":[{"count":2,"href":"https:\/\/www.azullimao.com.br\/portal\/wp-json\/wp\/v2\/posts\/24980\/revisions"}],"predecessor-version":[{"id":24983,"href":"https:\/\/www.azullimao.com.br\/portal\/wp-json\/wp\/v2\/posts\/24980\/revisions\/24983"}],"wp:featuredmedia":[{"embeddable":true,"href":"https:\/\/www.azullimao.com.br\/portal\/wp-json\/wp\/v2\/media\/24982"}],"wp:attachment":[{"href":"https:\/\/www.azullimao.com.br\/portal\/wp-json\/wp\/v2\/media?parent=24980"}],"wp:term":[{"taxonomy":"category","embeddable":true,"href":"https:\/\/www.azullimao.com.br\/portal\/wp-json\/wp\/v2\/categories?post=24980"},{"taxonomy":"post_tag","embeddable":true,"href":"https:\/\/www.azullimao.com.br\/portal\/wp-json\/wp\/v2\/tags?post=24980"}],"curies":[{"name":"wp","href":"https:\/\/api.w.org\/{rel}","templated":true}]}}