{"id":24951,"date":"2024-03-11T11:02:55","date_gmt":"2024-03-11T14:02:55","guid":{"rendered":"https:\/\/www.azullimao.com.br\/portal\/?p=24951"},"modified":"2024-08-15T17:13:25","modified_gmt":"2024-08-15T20:13:25","slug":"a-segunda-edicao-da-expo-sindico-macae-promete-ser-ainda-melhor-que-a-primeira-edicao","status":"publish","type":"post","link":"https:\/\/www.azullimao.com.br\/portal\/materias\/a-segunda-edicao-da-expo-sindico-macae-promete-ser-ainda-melhor-que-a-primeira-edicao\/","title":{"rendered":"A Segunda Edi\u00e7\u00e3o da Expo S\u00edndico Maca\u00e9 Promete ser ainda melhor que a primeira Edi\u00e7\u00e3o"},"content":{"rendered":"<table border=\"0\" width=\"750\" bgcolor=\"#FFFFFF\">\n<tbody>\n<tr>\n<td><span style=\"color: #000000;\"><img loading=\"lazy\" decoding=\"async\" class=\"alignnone wp-image-24953 size-full\" src=\"https:\/\/www.azullimao.com.br\/portal\/wp-content\/uploads\/2023\/12\/expo_sindico_banner.jpg\" alt=\"\" width=\"750\" height=\"250\" srcset=\"https:\/\/www.azullimao.com.br\/portal\/wp-content\/uploads\/2023\/12\/expo_sindico_banner.jpg 750w, https:\/\/www.azullimao.com.br\/portal\/wp-content\/uploads\/2023\/12\/expo_sindico_banner-300x100.jpg 300w\" sizes=\"auto, (max-width: 750px) 100vw, 750px\" \/><\/span><\/p>\n<p><span style=\"color: #000000;\"><strong>Data: s\u00e1bado dia 23 de mar\u00e7o de 2024<\/strong><\/span><br \/>\n<span style=\"color: #000000;\"><strong>Local: Hotel Royal Atl\u00e2ntico &#8211; Maca\u00e9-RJ<\/strong><\/span><br \/>\n<span style=\"color: #000000;\"><strong>Hor\u00e1rio: 9hs as 20hs<\/strong><\/span><\/p>\n<p><span style=\"color: #000000;\">No dia 23 de mar\u00e7o de 2024, das 9H \u00e0s 20H, no Royal Atl\u00e2ntica Maca\u00e9Htel.<\/span><br \/>\n<span style=\"color: #000000;\">Voc\u00ea ter\u00e1 acesso a inova\u00e7\u00f5es incr\u00edveis e muitas oportunidades de networking.<\/span><br \/>\n<span style=\"color: #000000;\">A segunda edi\u00e7\u00e3o chega com tudo, trazendo mudan\u00e7as que prometem surpreender.<\/span><br \/>\n<span style=\"color: #000000;\">A \u00e1rea de exposi\u00e7\u00e3o ser\u00e1 ampliada para 500 m\u00b2, garantindo que os 34 expositores tenham<\/span><br \/>\n<span style=\"color: #000000;\">espa\u00e7o para apresentar suas ideias de forma confort\u00e1vel.<\/span><br \/>\n<span style=\"color: #000000;\">As palestras ser\u00e3o realizadas em um audit\u00f3rio isolado acusticamente, para que voc\u00ea possa prestar aten\u00e7\u00e3o aos palestrantes sem distra\u00e7\u00f5es.<\/span><br \/>\n<span style=\"color: #000000;\">A Expo S\u00edndico Maca\u00e9 ser\u00e1 realizada no s\u00e1bado, para que todos possam participar! De manh\u00e3, os expositores estar\u00e3o prontos para mostrar seus produtos no sal\u00e3o de exposi\u00e7\u00e3o e abordando as solu\u00e7\u00f5es no audit\u00f3rio para os S\u00edndicos e Administradores. Durante a tarde, o sal\u00e3o de exposi\u00e7\u00e3o continua aberto as novidades e as palestras e pain\u00e9is jur\u00eddicos ser\u00e3o inesquec\u00edveis. Durante o intervalo<\/span><br \/>\n<span style=\"color: #000000;\">ocorrer\u00e1 coffee break e no final do evento, o famoso coquetel de encerramento com show surpresa.<\/span><br \/>\n<span style=\"color: #000000;\">Fornecedores, aproveitem e garanta j\u00e1 o seu espa\u00e7o com pagamento facilitado.<\/span><\/p>\n<p><span style=\"color: #000000;\"><a style=\"color: #000000;\" href=\"https:\/\/www.exposindicomacae.com.br\/\" target=\"_blank\" rel=\"noopener\">www.exposindicomacae.com.br<\/a><\/span><\/td>\n<\/tr>\n<\/tbody>\n<\/table>\n<p>&nbsp;<\/p>\n","protected":false},"excerpt":{"rendered":"<p>Data: s\u00e1bado dia 23 de mar\u00e7o de 2024 Local: Hotel Royal Atl\u00e2ntico &#8211; Maca\u00e9-RJ Hor\u00e1rio: 9hs as 20hs No dia<\/p>\n","protected":false},"author":7,"featured_media":24955,"comment_status":"closed","ping_status":"open","sticky":false,"template":"","format":"standard","meta":{"footnotes":""},"categories":[177],"tags":[],"class_list":["post-24951","post","type-post","status-publish","format-standard","has-post-thumbnail","hentry","category-materias"],"_links":{"self":[{"href":"https:\/\/www.azullimao.com.br\/portal\/wp-json\/wp\/v2\/posts\/24951","targetHints":{"allow":["GET"]}}],"collection":[{"href":"https:\/\/www.azullimao.com.br\/portal\/wp-json\/wp\/v2\/posts"}],"about":[{"href":"https:\/\/www.azullimao.com.br\/portal\/wp-json\/wp\/v2\/types\/post"}],"author":[{"embeddable":true,"href":"https:\/\/www.azullimao.com.br\/portal\/wp-json\/wp\/v2\/users\/7"}],"replies":[{"embeddable":true,"href":"https:\/\/www.azullimao.com.br\/portal\/wp-json\/wp\/v2\/comments?post=24951"}],"version-history":[{"count":10,"href":"https:\/\/www.azullimao.com.br\/portal\/wp-json\/wp\/v2\/posts\/24951\/revisions"}],"predecessor-version":[{"id":26139,"href":"https:\/\/www.azullimao.com.br\/portal\/wp-json\/wp\/v2\/posts\/24951\/revisions\/26139"}],"wp:featuredmedia":[{"embeddable":true,"href":"https:\/\/www.azullimao.com.br\/portal\/wp-json\/wp\/v2\/media\/24955"}],"wp:attachment":[{"href":"https:\/\/www.azullimao.com.br\/portal\/wp-json\/wp\/v2\/media?parent=24951"}],"wp:term":[{"taxonomy":"category","embeddable":true,"href":"https:\/\/www.azullimao.com.br\/portal\/wp-json\/wp\/v2\/categories?post=24951"},{"taxonomy":"post_tag","embeddable":true,"href":"https:\/\/www.azullimao.com.br\/portal\/wp-json\/wp\/v2\/tags?post=24951"}],"curies":[{"name":"wp","href":"https:\/\/api.w.org\/{rel}","templated":true}]}}