{"id":23715,"date":"2023-05-22T15:52:55","date_gmt":"2023-05-22T18:52:55","guid":{"rendered":"https:\/\/www.azullimao.com.br\/portal\/?p=23715"},"modified":"2023-05-22T15:52:55","modified_gmt":"2023-05-22T18:52:55","slug":"enel-distribuicao-rio-seleciona-tres-projetos-na-chamada-publica-de-eficiencia-energetica-de-2022","status":"publish","type":"post","link":"https:\/\/www.azullimao.com.br\/portal\/materias\/enel-distribuicao-rio-seleciona-tres-projetos-na-chamada-publica-de-eficiencia-energetica-de-2022\/","title":{"rendered":"Enel distribui\u00e7\u00e3o rio seleciona tr\u00eas projetos na chamada p\u00fablica de efici\u00eancia energ\u00e9tica de 2022"},"content":{"rendered":"<p><strong>Companhia vai investir R$ 1,8 milh\u00e3o na execu\u00e7\u00e3o dos projetos de clientes de servi\u00e7o p\u00fablico e ilumina\u00e7\u00e3o p\u00fablica.<\/strong><\/p>\n<p>Rio de Janeiro, 19 de maio de 2023 \u2013 A Enel Distribui\u00e7\u00e3o Rio ir\u00e1 destinar R$ 1,8 milh\u00e3o para financiar a implementa\u00e7\u00e3o de tr\u00eas projetos selecionados na Chamada P\u00fablica de Projetos de Efici\u00eancia Energ\u00e9tica (CPP) de 2022. Dos tr\u00eas projetos selecionados na CPP 2022, um envolve a eficientiza\u00e7\u00e3o de motores e l\u00e2mpadas no Servi\u00e7o Aut\u00f4nomo de \u00c1gua e Esgoto (SAAE), no munic\u00edpio de Angra dos Reis, e dois s\u00e3o de ilumina\u00e7\u00e3o p\u00fablica, localizados em Cantagalo e Maca\u00e9. No projeto de eficientiza\u00e7\u00e3o energ\u00e9tica no SAAE ser\u00e3o substitu\u00eddos tr\u00eas motores por modelos de menor pot\u00eancia e maior rendimento, al\u00e9m da troca de 35 lumin\u00e1rias. A execu\u00e7\u00e3o do projeto demandar\u00e1 um investimento total de cerca de R$ 800 mil reais.<\/p>\n<p>A iniciativa \u00e9 financiada com recursos do Programa de Efici\u00eancia Energ\u00e9tica (PEE) regulado pela Ag\u00eancia Nacional de Energia El\u00e9trica (ANEEL). Os projetos selecionados promovem o consumo eficiente e sustent\u00e1vel de energia, com o objetivo de contribuir para reduzir o valor da conta de luz dos clientes e promover o desenvolvimento sustent\u00e1vel na \u00e1rea de concess\u00e3o da companhia. A economia total no consumo de energia esperada \u00e9 de 1.793 MWh\/ano, o que equivale ao abastecimento mensal de 905 fam\u00edlias pelo per\u00edodo de um ano. Ao todo, 14 projetos foram inscritos na CPP 2022.<\/p>\n<p>A sele\u00e7\u00e3o das propostas da Chamada P\u00fablica passou por an\u00e1lise e classifica\u00e7\u00e3o dos projetos, que levou em conta a documenta\u00e7\u00e3o obrigat\u00f3ria requerida, a qualidade das iniciativas, desenvolvimento da proposta e a\u00e7\u00f5es inovadoras, al\u00e9m da pontua\u00e7\u00e3o atingida de acordo com os crit\u00e9rios estabelecidos e divulgados anteriormente no edital. Puderam participar desta edi\u00e7\u00e3o CPP os clientes da distribuidora dos segmentos de com\u00e9rcio e servi\u00e7os, residencial, industrial, rural, servi\u00e7o p\u00fablico e poder p\u00fablico.<\/p>\n<p>\u201cAo assumir compromisso p\u00fablico com os Objetivos de Desenvolvimento Sustent\u00e1vel (ODS) da Agenda 2030 da ONU, a distribuidora fomenta a efici\u00eancia energ\u00e9tica, impulsionando o ODS n\u00famero 7, que consiste em assegurar energia confi\u00e1vel, sustent\u00e1vel, moderna e a pre\u00e7o acess\u00edvel para todos os consumidores\u201d, afirma Claudia Guimar\u00e3es, respons\u00e1vel por projetos de Sustentabilidade e Grids da Enel Brasil.<\/p>\n<p>Sobre o programa<\/p>\n<p>O Programa de Efici\u00eancia Energ\u00e9tica da Enel Distribui\u00e7\u00e3o Rio de Janeiro existe desde 1998 e j\u00e1 investiu aproximadamente R$ 347 milh\u00f5es em 340 projetos com foco no consumo eficiente de energia em equipamentos, instala\u00e7\u00f5es el\u00e9tricas, processos, a\u00e7\u00f5es educacionais e usos finais de seus clientes.<\/p>\n<p>O PEE da Enel \u00e9 regido pela Lei n\u00b0 9.991, de 24 de julho de 2000, e regulamentado pela ANEEL. A legisla\u00e7\u00e3o determina que distribuidoras de energia apliquem anualmente 0,4% de sua receita operacional l\u00edquida anual no desenvolvimento em a\u00e7\u00f5es de efici\u00eancia energ\u00e9tica no uso final de energia el\u00e9trica, por meio de projetos executados em instala\u00e7\u00f5es dos consumidores.<\/p>\n<p>Sobre a Enel Distribui\u00e7\u00e3o Rio<\/p>\n<p>A Enel Distribui\u00e7\u00e3o Rio, subsidi\u00e1ria da multinacional italiana Enel, atende 66 munic\u00edpios do estado do Rio de Janeiro, abrangendo 73% do territ\u00f3rio estadual, com cobertura de uma \u00e1rea de 32.188 km\u00b2. A Regi\u00e3o Metropolitana de Niter\u00f3i e S\u00e3o Gon\u00e7alo e os munic\u00edpios de Itabora\u00ed e Mag\u00e9 representam a maior concentra\u00e7\u00e3o do total de 3 milh\u00f5es de clientes atendidos pela companhia. A estrat\u00e9gia de atua\u00e7\u00e3o da Enel \u00e9 baseada no seu Plano de Sustentabilidade e nos compromissos assumidos com os Objetivos de Desenvolvimento Sustent\u00e1vel da Agenda 2030 da ONU.<\/p>\n<p><strong>Fonte: Ass. de Imprensa da ENEL Rio<\/strong><br \/>\n<strong>Foto: Divulga\u00e7\u00e3o<\/strong><\/p>\n","protected":false},"excerpt":{"rendered":"<p>Companhia vai investir R$ 1,8 milh\u00e3o na execu\u00e7\u00e3o dos projetos de clientes de servi\u00e7o p\u00fablico e ilumina\u00e7\u00e3o p\u00fablica. Rio de<\/p>\n","protected":false},"author":7,"featured_media":23717,"comment_status":"closed","ping_status":"open","sticky":false,"template":"","format":"standard","meta":{"footnotes":""},"categories":[177],"tags":[],"class_list":["post-23715","post","type-post","status-publish","format-standard","has-post-thumbnail","hentry","category-materias"],"_links":{"self":[{"href":"https:\/\/www.azullimao.com.br\/portal\/wp-json\/wp\/v2\/posts\/23715","targetHints":{"allow":["GET"]}}],"collection":[{"href":"https:\/\/www.azullimao.com.br\/portal\/wp-json\/wp\/v2\/posts"}],"about":[{"href":"https:\/\/www.azullimao.com.br\/portal\/wp-json\/wp\/v2\/types\/post"}],"author":[{"embeddable":true,"href":"https:\/\/www.azullimao.com.br\/portal\/wp-json\/wp\/v2\/users\/7"}],"replies":[{"embeddable":true,"href":"https:\/\/www.azullimao.com.br\/portal\/wp-json\/wp\/v2\/comments?post=23715"}],"version-history":[{"count":2,"href":"https:\/\/www.azullimao.com.br\/portal\/wp-json\/wp\/v2\/posts\/23715\/revisions"}],"predecessor-version":[{"id":23718,"href":"https:\/\/www.azullimao.com.br\/portal\/wp-json\/wp\/v2\/posts\/23715\/revisions\/23718"}],"wp:featuredmedia":[{"embeddable":true,"href":"https:\/\/www.azullimao.com.br\/portal\/wp-json\/wp\/v2\/media\/23717"}],"wp:attachment":[{"href":"https:\/\/www.azullimao.com.br\/portal\/wp-json\/wp\/v2\/media?parent=23715"}],"wp:term":[{"taxonomy":"category","embeddable":true,"href":"https:\/\/www.azullimao.com.br\/portal\/wp-json\/wp\/v2\/categories?post=23715"},{"taxonomy":"post_tag","embeddable":true,"href":"https:\/\/www.azullimao.com.br\/portal\/wp-json\/wp\/v2\/tags?post=23715"}],"curies":[{"name":"wp","href":"https:\/\/api.w.org\/{rel}","templated":true}]}}