{"id":23706,"date":"2023-05-18T15:57:46","date_gmt":"2023-05-18T18:57:46","guid":{"rendered":"https:\/\/www.azullimao.com.br\/portal\/?p=23706"},"modified":"2023-05-18T15:59:55","modified_gmt":"2023-05-18T18:59:55","slug":"enel-distribuicao-rio-registra-552-colisoes-contra-postes-da-rede-eletrica-em-2022","status":"publish","type":"post","link":"https:\/\/www.azullimao.com.br\/portal\/materias\/enel-distribuicao-rio-registra-552-colisoes-contra-postes-da-rede-eletrica-em-2022\/","title":{"rendered":"ENEL distribui\u00e7\u00e3o rio registra 552 colis\u00f5es contra postes da rede el\u00e9trica em 2022"},"content":{"rendered":"<p>Distribuidora registrou aumento de 17% no n\u00famero de postes danificados em compara\u00e7\u00e3o a<br \/>\n2021;<br \/>\nSomente neste ano, entre janeiro e abril, 194 postes foram abalroados na \u00e1rea de concess\u00e3o da<br \/>\ncompanhia;<br \/>\nEm alus\u00e3o ao Maio Amarelo, companhia lista algumas orienta\u00e7\u00f5es em caso de acidentes.<br \/>\nRio de Janeiro, 18 de maio de 2023 \u2013 Com o objetivo de promover a conscientiza\u00e7\u00e3o e mobilizar a<br \/>\nsociedade por um tr\u00e2nsito mais seguro no m\u00eas que celebra o movimento Maio Amarelo, um<br \/>\nlevantamento da Enel Distribui\u00e7\u00e3o Rio mostra que foram registradas 552 colis\u00f5es contra postes da rede<br \/>\nel\u00e9trica em 2022 em toda a sua \u00e1rea de concess\u00e3o: uma m\u00e9dia de 1,5 batida em postes por dia.<br \/>\nO n\u00famero representa um aumento de 17% em rela\u00e7\u00e3o aos postes danificados por ve\u00edculos em<br \/>\ncompara\u00e7\u00e3o a 2021, quando foram registrados 460 abalroamentos de postes de energia el\u00e9trica. Entre<br \/>\njaneiro e abril de 2023, a distribuidora j\u00e1 registrou 194 ocorr\u00eancias com postes em toda a sua \u00e1rea de<br \/>\nconcess\u00e3o.<br \/>\nDe acordo com o levantamento da Enel Rio, Maca\u00e9 liderou o ranking de colis\u00f5es contra postes em 2022,<br \/>\nregistrando 100 ocorr\u00eancias. Em seguida, Campos aparece com 96 ocorr\u00eancias e S\u00e3o Gon\u00e7alo com 81.<br \/>\nFechando o top 5 do ranking, aparecem a Regi\u00e3o Serrana com 80 ocorr\u00eancias e a Regi\u00e3o dos Lagos<br \/>\ncom 64.<br \/>\nO respons\u00e1vel por Opera\u00e7\u00e3o e Manuten\u00e7\u00e3o da Enel Distribui\u00e7\u00e3o Rio, Thiago Morais, informa que esse<br \/>\ntipo de ocorr\u00eancia costuma se concentrar pr\u00f3ximo dos finais de semana, entre sexta e segunda-feira.<br \/>\nSegundo ele, um poste derrubado pode significar horas de trabalho das equipes de manuten\u00e7\u00e3o, que<br \/>\nprecisam n\u00e3o apenas substituir a estrutura, mas reconstruir todo o trecho da rede el\u00e9trica danificada.<br \/>\n\u201cEm alguns casos mais complexos, \u00e9 necess\u00e1rio aguardar libera\u00e7\u00e3o da per\u00edcia para iniciarmos os<br \/>\ntrabalhos, o que pode aumentar o tempo que os clientes ficam sem energia\u201d, comenta. O executivo<br \/>\ntamb\u00e9m comenta sobre a responsabilidade pelos causados: \u201cAl\u00e9m do risco \u00e0 vida e impacto da falta de<br \/>\nenergia a diversos clientes, importante destacar que todo o custo de reposi\u00e7\u00e3o de estruturas e cabos \u00e9<br \/>\nrepassado a quem provocou o dano ao bem p\u00fablico\u201d.<br \/>\n2<br \/>\nCom o objetivo de promover a conscientiza\u00e7\u00e3o e mobilizar a sociedade por um tr\u00e2nsito mais seguro no<br \/>\nm\u00eas em que \u00e9 realizado o movimento Maio Amarelo, a companhia de energia orienta a popula\u00e7\u00e3o em<br \/>\ncaso de acidentes com postes. Confira abaixo algumas orienta\u00e7\u00f5es para tornar o tr\u00e2nsito mais seguro e<br \/>\nsaber o que deve ser feito em casos de acidentes envolvendo postes da distribuidora:<br \/>\n1. Em caso de acidente com poste, se houver queda do poste ou de cabos, procure ficar no interior do<br \/>\nve\u00edculo, sem tocar nas partes met\u00e1licas, at\u00e9 o atendimento pelas equipes da empresa;<br \/>\n2. N\u00e3o se deve tocar em cabos que estejam no solo, sobre o carro ou ficar embaixo de estruturas<br \/>\ndanificadas;<br \/>\n3. Nunca tente realizar o isolamento da \u00e1rea;<br \/>\n4. No caso de pedestres que estiverem passando pelo local, a companhia alerta para n\u00e3o se<br \/>\naproximarem e chamarem pelo socorro imediatamente;<br \/>\n5. Mantenha o ve\u00edculo com a manuten\u00e7\u00e3o em dia, verificando o estado dos pneus, dos freios, dos far\u00f3is<br \/>\ne dos retrovisores;<br \/>\n6. N\u00e3o dirija sob o efeito de \u00e1lcool, rem\u00e9dios ou qualquer outra subst\u00e2ncia t\u00f3xica;<br \/>\n7. N\u00e3o use celular quando estiver dirigindo. Al\u00e9m de colocar em risco a sua vida, dos pedestres e de<br \/>\noutros motoristas, a Lei de Tr\u00e2nsito considera esta pr\u00e1tica uma infra\u00e7\u00e3o grav\u00edssima;<br \/>\n8. Fique atento \u00e0s condi\u00e7\u00f5es da pista e do clima. Em caso de pista molhada ou de neblina, dirija com<br \/>\ncuidado. Diminua a velocidade e mantenha a dist\u00e2ncia dos demais ve\u00edculos;<br \/>\n9. Respeite sempre a sinaliza\u00e7\u00e3o de tr\u00e2nsito e os limites de velocidade das vias, em qualquer dia, local e<br \/>\nhor\u00e1rio.<br \/>\nResponsabilidade sobre os danos<br \/>\nQuando situa\u00e7\u00f5es como essas acontecem, a Enel Distribui\u00e7\u00e3o Rio deve ser comunicada para realizar a<br \/>\ntroca do poste. Uma equipe da companhia \u00e9 deslocada imediatamente para o local, a fim de fazer os<br \/>\nreparos na rede. A partir do registro da placa do ve\u00edculo e de fotos do incidente, os custos operacionais<br \/>\ngerados, incluindo desde o primeiro atendimento at\u00e9 a substitui\u00e7\u00e3o ou reparo do poste e\/ou da rede<br \/>\nel\u00e9trica, s\u00e3o repassados ao setor Jur\u00eddico da empresa, que realiza a cobran\u00e7a junto ao propriet\u00e1rio do<br \/>\nve\u00edculo.<br \/>\nPara comunicar ocorr\u00eancias, solicitar servi\u00e7os ou informa\u00e7\u00f5es, os clientes podem entrar em contato pelo<br \/>\naplicativo Enel Rio; pelo site da companhia (www.enel.com.br); pelas redes sociais \u2013 Facebook<br \/>\n(facebook.com\/enelclientesbr) e Twitter (@enelclientesbr) ou ainda pela Central de Atendimento 0800 28<br \/>\n00 120.<br \/>\n<strong>Fonte: Ass. de Imprensa da ENEL Rio<\/strong><br \/>\n<strong>Foto: Divulga\u00e7\u00e3o<\/strong><\/p>\n","protected":false},"excerpt":{"rendered":"<p>Distribuidora registrou aumento de 17% no n\u00famero de postes danificados em compara\u00e7\u00e3o a 2021; Somente neste ano, entre janeiro e<\/p>\n","protected":false},"author":7,"featured_media":23708,"comment_status":"closed","ping_status":"open","sticky":false,"template":"","format":"standard","meta":{"footnotes":""},"categories":[177],"tags":[],"class_list":["post-23706","post","type-post","status-publish","format-standard","has-post-thumbnail","hentry","category-materias"],"_links":{"self":[{"href":"https:\/\/www.azullimao.com.br\/portal\/wp-json\/wp\/v2\/posts\/23706","targetHints":{"allow":["GET"]}}],"collection":[{"href":"https:\/\/www.azullimao.com.br\/portal\/wp-json\/wp\/v2\/posts"}],"about":[{"href":"https:\/\/www.azullimao.com.br\/portal\/wp-json\/wp\/v2\/types\/post"}],"author":[{"embeddable":true,"href":"https:\/\/www.azullimao.com.br\/portal\/wp-json\/wp\/v2\/users\/7"}],"replies":[{"embeddable":true,"href":"https:\/\/www.azullimao.com.br\/portal\/wp-json\/wp\/v2\/comments?post=23706"}],"version-history":[{"count":2,"href":"https:\/\/www.azullimao.com.br\/portal\/wp-json\/wp\/v2\/posts\/23706\/revisions"}],"predecessor-version":[{"id":23709,"href":"https:\/\/www.azullimao.com.br\/portal\/wp-json\/wp\/v2\/posts\/23706\/revisions\/23709"}],"wp:featuredmedia":[{"embeddable":true,"href":"https:\/\/www.azullimao.com.br\/portal\/wp-json\/wp\/v2\/media\/23708"}],"wp:attachment":[{"href":"https:\/\/www.azullimao.com.br\/portal\/wp-json\/wp\/v2\/media?parent=23706"}],"wp:term":[{"taxonomy":"category","embeddable":true,"href":"https:\/\/www.azullimao.com.br\/portal\/wp-json\/wp\/v2\/categories?post=23706"},{"taxonomy":"post_tag","embeddable":true,"href":"https:\/\/www.azullimao.com.br\/portal\/wp-json\/wp\/v2\/tags?post=23706"}],"curies":[{"name":"wp","href":"https:\/\/api.w.org\/{rel}","templated":true}]}}