{"id":23422,"date":"2023-03-25T07:11:46","date_gmt":"2023-03-25T10:11:46","guid":{"rendered":"https:\/\/www.azullimao.com.br\/portal\/?p=23422"},"modified":"2023-03-25T07:11:46","modified_gmt":"2023-03-25T10:11:46","slug":"enel-distribuicao-rio-divulga-calendario-de-abril-para-relularizacao-de-cabos-em-postes-de-macae","status":"publish","type":"post","link":"https:\/\/www.azullimao.com.br\/portal\/materias\/enel-distribuicao-rio-divulga-calendario-de-abril-para-relularizacao-de-cabos-em-postes-de-macae\/","title":{"rendered":"ENEL Distribui\u00e7\u00e3o Rio divulga calend\u00e1rio de abril para relulariza\u00e7\u00e3o de cabos em postes de Maca\u00e9"},"content":{"rendered":"<p><strong>In\u00edcio das a\u00e7\u00f5es est\u00e1 previsto para o dia 10 de abril e atividades seguem at\u00e9 o dia 2 de maio no munic\u00edpio;<\/strong><\/p>\n<p><strong>Regulariza\u00e7\u00e3o tem por objetivo evitar acidentes e reduzir a polui\u00e7\u00e3o visual.<br \/>\n<\/strong>Rio de Janeiro, 22 de mar\u00e7o de 2023 \u2013 A Enel Distribui\u00e7\u00e3o Rio inicia no dia 10 de abril o calend\u00e1rio de a\u00e7\u00f5es de regulariza\u00e7\u00e3o na fia\u00e7\u00e3o de telecomunica\u00e7\u00e3o de postes da companhia em Maca\u00e9. O objetivo da iniciativa \u00e9 inspecionar a estrutura dos cabos nos postes, al\u00e9m de retirar fios e equipamentos de empresas provedoras de servi\u00e7os de telefonia e internet, por exemplo, que se encontram irregulares.<\/p>\n<p>As a\u00e7\u00f5es come\u00e7am na avenida Rui Barbosa, no dia 10, e se estendem at\u00e9 o dia 13 no local. Na semana seguinte, de 14 a 17, a regulariza\u00e7\u00e3o segue pela avenida Presidente Feliciano Sodr\u00e9. Entre os dias 18 e 26, ser\u00e1 a vez da avenida Atl\u00e2ntica e, no per\u00edodo de 27 de abril a 2 de maio, as equipes estar\u00e3o na rua Teixeira de Gouveia.<\/p>\n<p>De acordo com as Resolu\u00e7\u00f5es conjuntas 001\/1999 e 004\/2014 das ag\u00eancias reguladoras do setor el\u00e9trico e do setor de telecomunica\u00e7\u00f5es (Aneel e Anatel), que tratam do compartilhamento de postes, as empresas que utilizam as estruturas devem seguir o plano de ocupa\u00e7\u00e3o e as normas t\u00e9cnicas da distribuidora de energia local. O compartilhamento \u00e9 o uso de uma mesma infraestrutura simultaneamente para a rede de distribui\u00e7\u00e3o a\u00e9rea de energia e as redes de telecomunica\u00e7\u00f5es. A gest\u00e3o, nesse caso, \u00e9 feita pela empresa titular do poste e o servi\u00e7o se d\u00e1 por meio de um contrato de aluguel.<\/p>\n<p>\u201cAs inspe\u00e7\u00f5es s\u00e3o fundamentais para garantir que o compartilhamento de postes seja feito de forma ordenada. Todas as empresas de telecomunica\u00e7\u00e3o s\u00e3o previamente notificadas sobre essas a\u00e7\u00f5es de regulariza\u00e7\u00e3o, bem como a respeito das normas t\u00e9cnicas para uso e compartilhamento de postes. Ainda assim, infelizmente, muitas empresas insistem em n\u00e3o cumprir as normas t\u00e9cnicas e acabam sobrecarregando os postes. Essa pr\u00e1tica \u00e9 muito nociva para a seguran\u00e7a dos clientes e o fornecimento de energia\u201d, explica Paulo Eug\u00eanio Monteiro, respons\u00e1vel por Servi\u00e7os Avan\u00e7ados de Rede na Enel Distribui\u00e7\u00e3o Rio.<\/p>\n<p>&nbsp;<\/p>\n<p><strong>Redu\u00e7\u00e3o da polui\u00e7\u00e3o visual<br \/>\n<\/strong>A Enel Distribui\u00e7\u00e3o Rio realiza h\u00e1 mais de um ano a\u00e7\u00f5es de regulariza\u00e7\u00e3o na fia\u00e7\u00e3o de telecomunica\u00e7\u00e3o dos postes em sua \u00e1rea de concess\u00e3o. A iniciativa integra as atividades regulares do plano de fiscaliza\u00e7\u00e3o da empresa, previsto para toda \u00e1rea de concess\u00e3o. Al\u00e9m de combater irregularidades e reluzir o risco de acidentes, a regulariza\u00e7\u00e3o tamb\u00e9m tem o objetivo de diminuir o impacto visual causado pelo excesso de cabos.<\/p>\n<p>&nbsp;<\/p>\n<p>Para fazer den\u00fancias sobre uma fia\u00e7\u00e3o irregular ou para saber se uma empresa est\u00e1 cadastrada, o cliente pode entrar em contato como a companhia pelo 0800 280 2375 ou pelo e-mail atendimento.nas@enel.com.<\/p>\n<p><strong>Sobre a Enel Distribui\u00e7\u00e3o Rio<br \/>\n<\/strong>A Enel Distribui\u00e7\u00e3o Rio, subsidi\u00e1ria da multinacional italiana Enel, atende 66 munic\u00edpios do estado do Rio de Janeiro, abrangendo 73% do territ\u00f3rio estadual, com cobertura de uma \u00e1rea de 32.188 km\u00b2. A Regi\u00e3o Metropolitana de Niter\u00f3i e S\u00e3o Gon\u00e7alo e os munic\u00edpios de Itabora\u00ed e Mag\u00e9 representam a maior concentra\u00e7\u00e3o do total de 3 milh\u00f5es de clientes atendidos pela companhia. A estrat\u00e9gia de atua\u00e7\u00e3o da Enel \u00e9 baseada no seu Plano de Sustentabilidade e nos compromissos assumidos com os Objetivos de Desenvolvimento Sustent\u00e1vel da Agenda 2030 da ONU.<\/p>\n<p>Fonte: Ass. de Imprensa da ENEL Rio<br \/>\nFoto: Divulga\u00e7\u00e3o<\/p>\n","protected":false},"excerpt":{"rendered":"<p>In\u00edcio das a\u00e7\u00f5es est\u00e1 previsto para o dia 10 de abril e atividades seguem at\u00e9 o dia 2 de maio<\/p>\n","protected":false},"author":7,"featured_media":23424,"comment_status":"closed","ping_status":"open","sticky":false,"template":"","format":"standard","meta":{"footnotes":""},"categories":[177],"tags":[],"class_list":["post-23422","post","type-post","status-publish","format-standard","has-post-thumbnail","hentry","category-materias"],"_links":{"self":[{"href":"https:\/\/www.azullimao.com.br\/portal\/wp-json\/wp\/v2\/posts\/23422","targetHints":{"allow":["GET"]}}],"collection":[{"href":"https:\/\/www.azullimao.com.br\/portal\/wp-json\/wp\/v2\/posts"}],"about":[{"href":"https:\/\/www.azullimao.com.br\/portal\/wp-json\/wp\/v2\/types\/post"}],"author":[{"embeddable":true,"href":"https:\/\/www.azullimao.com.br\/portal\/wp-json\/wp\/v2\/users\/7"}],"replies":[{"embeddable":true,"href":"https:\/\/www.azullimao.com.br\/portal\/wp-json\/wp\/v2\/comments?post=23422"}],"version-history":[{"count":2,"href":"https:\/\/www.azullimao.com.br\/portal\/wp-json\/wp\/v2\/posts\/23422\/revisions"}],"predecessor-version":[{"id":23425,"href":"https:\/\/www.azullimao.com.br\/portal\/wp-json\/wp\/v2\/posts\/23422\/revisions\/23425"}],"wp:featuredmedia":[{"embeddable":true,"href":"https:\/\/www.azullimao.com.br\/portal\/wp-json\/wp\/v2\/media\/23424"}],"wp:attachment":[{"href":"https:\/\/www.azullimao.com.br\/portal\/wp-json\/wp\/v2\/media?parent=23422"}],"wp:term":[{"taxonomy":"category","embeddable":true,"href":"https:\/\/www.azullimao.com.br\/portal\/wp-json\/wp\/v2\/categories?post=23422"},{"taxonomy":"post_tag","embeddable":true,"href":"https:\/\/www.azullimao.com.br\/portal\/wp-json\/wp\/v2\/tags?post=23422"}],"curies":[{"name":"wp","href":"https:\/\/api.w.org\/{rel}","templated":true}]}}