{"id":23367,"date":"2023-03-14T16:33:21","date_gmt":"2023-03-14T19:33:21","guid":{"rendered":"https:\/\/www.azullimao.com.br\/portal\/?p=23367"},"modified":"2023-03-14T16:33:21","modified_gmt":"2023-03-14T19:33:21","slug":"enel-distribuicao-rio-doa-75-geladeiras-para-familias-de-carapebus","status":"publish","type":"post","link":"https:\/\/www.azullimao.com.br\/portal\/materias\/enel-distribuicao-rio-doa-75-geladeiras-para-familias-de-carapebus\/","title":{"rendered":"ENEL Distribui\u00e7\u00e3o Rio doa 75 geladeiras para fam\u00edlias de Carapebus"},"content":{"rendered":"<p><strong>Iniciativa beneficiou moradores atingidos por fortes chuvas que ocorreram em dezembro de 2022.<\/strong><\/p>\n<p>Rio de Janeiro, 14 de mar\u00e7o de 2023 \u2013 Nesta ter\u00e7a-feira (14), a Enel Distribui\u00e7\u00e3o Rio realizou a \u00faltima<br \/>\netapa da a\u00e7\u00e3o de Doa\u00e7\u00e3o de Geladeiras em Carapebus, no Norte Fluminense. A iniciativa beneficiou 75<br \/>\nfam\u00edlias afetadas pelas fortes chuvas que assolaram a regi\u00e3o em 2022 e \u00e9 realizada em parceria com a<br \/>\nprefeitura do munic\u00edpio. A entrega de geladeiras ocorreu \u00e0s 11h, no Col\u00e9gio Estadual Thomaz Gomes,<br \/>\nno Centro de Carapebus.<br \/>\nA iniciativa integra uma s\u00e9rie de a\u00e7\u00f5es solid\u00e1rias que a Enel Distribui\u00e7\u00e3o Rio tem direcionado \u00e0<br \/>\npopula\u00e7\u00e3o das localidades mais afetadas com as fortes chuvas. Ap\u00f3s o temporal que atingiu Petr\u00f3polis,<br \/>\nem fevereiro de 2022, a distribuidora doou tr\u00eas mil kits de higiene b\u00e1sica, 400 cestas b\u00e1sicas, 150<br \/>\ngeladeiras e 2.500 l\u00e2mpadas eficientes aos moradores; al\u00e9m de arrecadar alimentos n\u00e3o perec\u00edveis e<br \/>\nprodutos de higiene pessoal em suas lojas de atendimento.<br \/>\nEm outubro e novembro, a Enel Distribui\u00e7\u00e3o Rio doou geladeiras para 133 fam\u00edlias de Campos dos<br \/>\nGoytacazes, S\u00e3o Jo\u00e3o da Barra, Itaocara e Angra, v\u00edtimas de temporais neste ano. Ao todo, 400 fam\u00edlias<br \/>\nser\u00e3o contempladas com a iniciativa at\u00e9 o final do m\u00eas.<br \/>\n\u201cLevamos o projeto para a Regi\u00e3o Norte Fluminense para beneficiar aqueles clientes que foram afetados<br \/>\npelas chuvas que atingiram a localidade. Acreditamos que os equipamentos novos contribuir\u00e3o com a<br \/>\nmelhoria das condi\u00e7\u00f5es de vida e or\u00e7amento familiar dessas pessoas&#8221;, explica Leonardo Soares,<br \/>\nrespons\u00e1vel por Sustentabilidade na Enel Distribui\u00e7\u00e3o Rio.<br \/>\nA doa\u00e7\u00e3o de geladeiras aproveita a estrutura do programa Enel Compartilha Efici\u00eancia, que promove<br \/>\ntroca de refrigeradores para clientes da distribuidora de diferentes munic\u00edpios. As geladeiras doadas t\u00eam<br \/>\nselo Procel de economia de energia, e podem consumir at\u00e9 70% menos energia do que modelos<br \/>\nantigos. Em watts, esse valor representa, para um aparelho antigo, o consumo m\u00e9dio de 90kWh\/ m\u00eas,<br \/>\nenquanto um novo consome somente cerca de 24kWh\/hora\/ m\u00eas.<\/p>\n<p><strong>Sobre a Enel Distribui\u00e7\u00e3o Rio<\/strong><br \/>\nA Enel Distribui\u00e7\u00e3o Rio, subsidi\u00e1ria da multinacional italiana Enel, atende 66 munic\u00edpios do estado do Rio<br \/>\nde Janeiro, abrangendo 73% do territ\u00f3rio estadual, com cobertura de uma \u00e1rea de 32.188 km\u00b2. A Regi\u00e3o<br \/>\nMetropolitana de Niter\u00f3i e S\u00e3o Gon\u00e7alo e os munic\u00edpios de Itabora\u00ed e Mag\u00e9 representam a maior.<\/p>\n<p><strong>Fonte: Ass. de Imprensa da ENEL Rio<\/strong><br \/>\n<strong>Foto: Divulga\u00e7\u00e3o<\/strong><\/p>\n","protected":false},"excerpt":{"rendered":"<p>Iniciativa beneficiou moradores atingidos por fortes chuvas que ocorreram em dezembro de 2022. Rio de Janeiro, 14 de mar\u00e7o de<\/p>\n","protected":false},"author":7,"featured_media":23371,"comment_status":"closed","ping_status":"open","sticky":false,"template":"","format":"standard","meta":{"footnotes":""},"categories":[177],"tags":[],"class_list":["post-23367","post","type-post","status-publish","format-standard","has-post-thumbnail","hentry","category-materias"],"_links":{"self":[{"href":"https:\/\/www.azullimao.com.br\/portal\/wp-json\/wp\/v2\/posts\/23367","targetHints":{"allow":["GET"]}}],"collection":[{"href":"https:\/\/www.azullimao.com.br\/portal\/wp-json\/wp\/v2\/posts"}],"about":[{"href":"https:\/\/www.azullimao.com.br\/portal\/wp-json\/wp\/v2\/types\/post"}],"author":[{"embeddable":true,"href":"https:\/\/www.azullimao.com.br\/portal\/wp-json\/wp\/v2\/users\/7"}],"replies":[{"embeddable":true,"href":"https:\/\/www.azullimao.com.br\/portal\/wp-json\/wp\/v2\/comments?post=23367"}],"version-history":[{"count":3,"href":"https:\/\/www.azullimao.com.br\/portal\/wp-json\/wp\/v2\/posts\/23367\/revisions"}],"predecessor-version":[{"id":23370,"href":"https:\/\/www.azullimao.com.br\/portal\/wp-json\/wp\/v2\/posts\/23367\/revisions\/23370"}],"wp:featuredmedia":[{"embeddable":true,"href":"https:\/\/www.azullimao.com.br\/portal\/wp-json\/wp\/v2\/media\/23371"}],"wp:attachment":[{"href":"https:\/\/www.azullimao.com.br\/portal\/wp-json\/wp\/v2\/media?parent=23367"}],"wp:term":[{"taxonomy":"category","embeddable":true,"href":"https:\/\/www.azullimao.com.br\/portal\/wp-json\/wp\/v2\/categories?post=23367"},{"taxonomy":"post_tag","embeddable":true,"href":"https:\/\/www.azullimao.com.br\/portal\/wp-json\/wp\/v2\/tags?post=23367"}],"curies":[{"name":"wp","href":"https:\/\/api.w.org\/{rel}","templated":true}]}}