{"id":22213,"date":"2022-06-23T14:31:09","date_gmt":"2022-06-23T17:31:09","guid":{"rendered":"https:\/\/www.azullimao.com.br\/portal\/?p=22213"},"modified":"2022-06-23T14:32:29","modified_gmt":"2022-06-23T17:32:29","slug":"o-festival-cultural-benedicto-lacerda-vai-ate-domingo-26","status":"publish","type":"post","link":"https:\/\/www.azullimao.com.br\/portal\/materias\/o-festival-cultural-benedicto-lacerda-vai-ate-domingo-26\/","title":{"rendered":"O Festival Cultural Benedicto Lacerda vai at\u00e9 domingo 26"},"content":{"rendered":"<p>Programa\u00e7\u00e3o em homenagem ao mestre do choro far\u00e1 o encerramento em Maca\u00e9, cidade natal do m\u00fasico<\/p>\n<p>O projeto re\u00fane nomes do Choro e Samba, com representatividade nacional e internacional, como tamb\u00e9m abre espa\u00e7o para novos m\u00fasicos e grupos musicais, contribuindo para a revitaliza\u00e7\u00e3o da cultura. As atra\u00e7\u00f5es v\u00e3o desde Marquinhos Diniz, filho do Mestre Monarco e autor de diversas can\u00e7\u00f5es interpretadas por cantores de sucesso, como Zeca Pagodinho, at\u00e9 a revela\u00e7\u00e3o Nega Mari, sambista cabofriense de voz marcante.<\/p>\n<p>Ali\u00e1s, as vozes femininas est\u00e3o com tudo na programa\u00e7\u00e3o. Em Maca\u00e9, no dia 25\/06, o \u201cChoro Delas\u201d far\u00e1 um tributo aos grandes mestres do choro com um toque feminino a partir das 20h. Em um projeto exclusivo para o Festival Benedicto Lacerda, as musicistas Daniela Spielmann, Sheila Zagury e Clarice Magalhaes com a dol\u00eancia do choro, a liberdade criativa do jazz e a acuidade da m\u00fasica de c\u00e2mara, prometem uma performance de sens\u00edvel e delicada feminilidade ao chorinho.<\/p>\n<p>Al\u00e9m disso, haver\u00e1 apresenta\u00e7\u00e3o do grupo Sou Mais Elas, criado ano passado em Maca\u00e9 para divulgar e fortalecer a presen\u00e7a da mulher no samba.<\/p>\n<p>Na sexta-feira (24\/06) o m\u00fasico Marquinhos Diniz \u00e9 o grande convidado do Coletivo Santo Samba, onde juntos, far\u00e3o um tributo a seu pai, o grande Mestre Monarco. O show ser\u00e1 no dia 24\/06 a partir das 20h na pra\u00e7a do Teatro Municipal de Cabo Frio.<\/p>\n<p>Toda a programa\u00e7\u00e3o conta com patroc\u00ednio da Petrobras e a realiza\u00e7\u00e3o da Usina de Fomento Cultural, Minist\u00e9rio do Turismo e Secretaria Especial da Cultura, por meio da Lei de Incentivo \u00e0 Cultura. O festival \u00e9 realizado desde 2008 e possui import\u00e2ncia hist\u00f3rica \u00e0 medida que preserva a mem\u00f3ria cultural. O principal objetivo \u00e9 homenagear o flautista e compositor Benedicto Lacerda, um dos maiores m\u00fasicos e compositores da m\u00fasica brasileira, al\u00e9m de incentivar novos talentos.<\/p>\n<p>As atra\u00e7\u00f5es s\u00e3o gratuitas e possuem classifica\u00e7\u00e3o livre. A edi\u00e7\u00e3o contempla 5 shows musicais, 10 dias de exposi\u00e7\u00e3o biogr\u00e1fica e 5 dias de oficinas musicais na modalidade presencial e on-line. Tamb\u00e9m apoiam o festival, a Casa de Cultura Villa Maria e as Prefeituras Municipais de Cabo Frio e Maca\u00e9.<\/p>\n<p>Para mais informa\u00e7\u00f5es acesse: <a href=\"https:\/\/www.usina.org.br\/\" target=\"_blank\" rel=\"noopener\">https:\/\/www.usina.org.br\/<\/a><\/p>\n","protected":false},"excerpt":{"rendered":"<p>Programa\u00e7\u00e3o em homenagem ao mestre do choro far\u00e1 o encerramento em Maca\u00e9, cidade natal do m\u00fasico O projeto re\u00fane nomes<\/p>\n","protected":false},"author":7,"featured_media":22215,"comment_status":"closed","ping_status":"open","sticky":false,"template":"","format":"standard","meta":{"footnotes":""},"categories":[177],"tags":[],"class_list":["post-22213","post","type-post","status-publish","format-standard","has-post-thumbnail","hentry","category-materias"],"_links":{"self":[{"href":"https:\/\/www.azullimao.com.br\/portal\/wp-json\/wp\/v2\/posts\/22213","targetHints":{"allow":["GET"]}}],"collection":[{"href":"https:\/\/www.azullimao.com.br\/portal\/wp-json\/wp\/v2\/posts"}],"about":[{"href":"https:\/\/www.azullimao.com.br\/portal\/wp-json\/wp\/v2\/types\/post"}],"author":[{"embeddable":true,"href":"https:\/\/www.azullimao.com.br\/portal\/wp-json\/wp\/v2\/users\/7"}],"replies":[{"embeddable":true,"href":"https:\/\/www.azullimao.com.br\/portal\/wp-json\/wp\/v2\/comments?post=22213"}],"version-history":[{"count":2,"href":"https:\/\/www.azullimao.com.br\/portal\/wp-json\/wp\/v2\/posts\/22213\/revisions"}],"predecessor-version":[{"id":22216,"href":"https:\/\/www.azullimao.com.br\/portal\/wp-json\/wp\/v2\/posts\/22213\/revisions\/22216"}],"wp:featuredmedia":[{"embeddable":true,"href":"https:\/\/www.azullimao.com.br\/portal\/wp-json\/wp\/v2\/media\/22215"}],"wp:attachment":[{"href":"https:\/\/www.azullimao.com.br\/portal\/wp-json\/wp\/v2\/media?parent=22213"}],"wp:term":[{"taxonomy":"category","embeddable":true,"href":"https:\/\/www.azullimao.com.br\/portal\/wp-json\/wp\/v2\/categories?post=22213"},{"taxonomy":"post_tag","embeddable":true,"href":"https:\/\/www.azullimao.com.br\/portal\/wp-json\/wp\/v2\/tags?post=22213"}],"curies":[{"name":"wp","href":"https:\/\/api.w.org\/{rel}","templated":true}]}}