{"id":2101,"date":"2020-02-21T11:05:53","date_gmt":"2020-02-21T14:05:53","guid":{"rendered":"http:\/\/www.azullimao.com.br\/portal\/?p=2101"},"modified":"2020-02-21T16:14:01","modified_gmt":"2020-02-21T19:14:01","slug":"os-pets-tambem-curtem-o-carnaval","status":"publish","type":"post","link":"https:\/\/www.azullimao.com.br\/portal\/colunas\/os-pets-tambem-curtem-o-carnaval\/","title":{"rendered":"Os pets tamb\u00e9m curtem o carnaval?"},"content":{"rendered":"<p><img loading=\"lazy\" decoding=\"async\" class=\"aligncenter wp-image-2120 size-full\" src=\"https:\/\/www.azullimao.com.br\/portal\/wp-content\/uploads\/2017\/02\/falandodebichos.png\" width=\"800\" height=\"250\" srcset=\"https:\/\/www.azullimao.com.br\/portal\/wp-content\/uploads\/2017\/02\/falandodebichos.png 800w, https:\/\/www.azullimao.com.br\/portal\/wp-content\/uploads\/2017\/02\/falandodebichos-300x94.png 300w, https:\/\/www.azullimao.com.br\/portal\/wp-content\/uploads\/2017\/02\/falandodebichos-768x240.png 768w\" sizes=\"auto, (max-width: 800px) 100vw, 800px\" \/><\/p>\n<p>&nbsp;<\/p>\n<p>&nbsp;<\/p>\n<p>A chegada dos di<img loading=\"lazy\" decoding=\"async\" class=\"wp-image-2103 size-full alignleft\" src=\"https:\/\/www.azullimao.com.br\/portal\/wp-content\/uploads\/2017\/02\/dogs-1190015__340.jpg\" width=\"407\" height=\"340\" srcset=\"https:\/\/www.azullimao.com.br\/portal\/wp-content\/uploads\/2017\/02\/dogs-1190015__340.jpg 407w, https:\/\/www.azullimao.com.br\/portal\/wp-content\/uploads\/2017\/02\/dogs-1190015__340-300x251.jpg 300w\" sizes=\"auto, (max-width: 407px) 100vw, 407px\" \/>as de folia significa muita festa e barulho. O que para as pessoas pode ser considerado divertido para os pets pode ser um grande problema.<\/p>\n<p>Isso porque eles n\u00e3o se sentem nada confort\u00e1veis com toda a bagun\u00e7a, j\u00e1 que possuem uma acuidade auditiva muito maior que a nossa. Ora, se para a gente a passagem de um trio el\u00e9trico ou bloco de rua pode ser bastante ruidoso, o que dir\u00e1 para c\u00e3es e gatos?<\/p>\n<p>Ocorre que muitas pessoas insistem em levar seus grandes amigos de patas no trio ou no bloquinho, \u00e0s vezes at\u00e9 fantasiados ou com a pelagem tingida de diversas cores.\u00a0 A inten\u00e7\u00e3o \u00e9 boa: por que n\u00e3o levar meu fiel companheiro de todas as horas para se divertir comigo?<\/p>\n<p>Mas a resposta a essa indaga\u00e7\u00e3o \u00e9 bem simples: animais gostam \u00e9 de sossego. Para eles, muito barulho e agita\u00e7\u00e3o pode ser um tremendo inc\u00f4modo. Sem contar o calor. Eles n\u00e3o suam como a gente para controlar a temperatura do corpo. Fazem isto ficando mais ofegantes e trocando o calor interno com o ambiente pela boca. Agora imaginem, em um dia bem quente, um animal meio perdido e fantasiado participando de uma longa caminhada, com muita gente, barulho e agita\u00e7\u00e3o. Essa receita pode ser bem indigesta e culminar num colapso, levando o bicho a uma crise de hipertermia, por exemplo. Crise esta capaz de gerar convuls\u00f5es, desmaios e at\u00e9 problemas renais se n\u00e3o remediada a tempo.<\/p>\n<p>As pr\u00f3prias tinturas de pelos p<img loading=\"lazy\" decoding=\"async\" class=\"alignright wp-image-2104 size-full\" src=\"https:\/\/www.azullimao.com.br\/portal\/wp-content\/uploads\/2017\/02\/Fantasias-para-cachorro-1.jpg\" width=\"316\" height=\"415\" srcset=\"https:\/\/www.azullimao.com.br\/portal\/wp-content\/uploads\/2017\/02\/Fantasias-para-cachorro-1.jpg 316w, https:\/\/www.azullimao.com.br\/portal\/wp-content\/uploads\/2017\/02\/Fantasias-para-cachorro-1-228x300.jpg 228w\" sizes=\"auto, (max-width: 316px) 100vw, 316px\" \/>odem causar encrencas. Existem produtos pr\u00f3prios para serem usados nos c\u00e3es, mas eles precisam sempre ser testados para averiguar se despertam uma rea\u00e7\u00e3o al\u00e9rgica. Deve-se aplicar uma quantidade m\u00ednima na extremidade da pata e verificar se apresenta algum sinal de alergia como coceira e vermelhid\u00e3o antes de se aventurar a tingir o animal inteiro, o que pode predispor a uma crise al\u00e9rgica generalizada.<\/p>\n<p>Ent\u00e3o fica a pergunta: vale a pena compartilhar esses momentos do carnaval com o pet? A isso respondo:<br \/>\nvale, sim, mas com muito bom senso! Ele pode acompanhar o dono na viagem, mas \u00e9 mais prudente separar um local arejado no destino, com muita \u00e1gua fresca para mant\u00ea-lo hidratado nos dias de calor dessa \u00e9poca do ano e longe de todo o barulho. Talvez voc\u00ea possa curtir muito a folia e depois ainda receber lambidas de agradecimento quando chegar em casa e seu amigo estiver l\u00e1, bem protegido de toda a bagun\u00e7a. Pense nisto e preserve seu grande amigo . Ele certamente ficar\u00e1 agradecido.<\/p>\n<p>Fonte:<br \/>\n<a href=\"http:\/\/saude.abril.com.br\/bem-estar\/os-pets-tambem-curtem-o-carnaval\/\">Sa\u00fade Abril<\/a><\/p>\n","protected":false},"excerpt":{"rendered":"<p>&nbsp; &nbsp; A chegada dos dias de folia significa muita festa e barulho. O que para as pessoas pode ser<\/p>\n","protected":false},"author":7,"featured_media":2102,"comment_status":"open","ping_status":"open","sticky":false,"template":"","format":"standard","meta":{"footnotes":""},"categories":[192,269],"tags":[2172,277],"class_list":["post-2101","post","type-post","status-publish","format-standard","has-post-thumbnail","hentry","category-colunas","category-falando-de-bichos","tag-2172","tag-animais"],"_links":{"self":[{"href":"https:\/\/www.azullimao.com.br\/portal\/wp-json\/wp\/v2\/posts\/2101","targetHints":{"allow":["GET"]}}],"collection":[{"href":"https:\/\/www.azullimao.com.br\/portal\/wp-json\/wp\/v2\/posts"}],"about":[{"href":"https:\/\/www.azullimao.com.br\/portal\/wp-json\/wp\/v2\/types\/post"}],"author":[{"embeddable":true,"href":"https:\/\/www.azullimao.com.br\/portal\/wp-json\/wp\/v2\/users\/7"}],"replies":[{"embeddable":true,"href":"https:\/\/www.azullimao.com.br\/portal\/wp-json\/wp\/v2\/comments?post=2101"}],"version-history":[{"count":4,"href":"https:\/\/www.azullimao.com.br\/portal\/wp-json\/wp\/v2\/posts\/2101\/revisions"}],"predecessor-version":[{"id":2129,"href":"https:\/\/www.azullimao.com.br\/portal\/wp-json\/wp\/v2\/posts\/2101\/revisions\/2129"}],"wp:featuredmedia":[{"embeddable":true,"href":"https:\/\/www.azullimao.com.br\/portal\/wp-json\/wp\/v2\/media\/2102"}],"wp:attachment":[{"href":"https:\/\/www.azullimao.com.br\/portal\/wp-json\/wp\/v2\/media?parent=2101"}],"wp:term":[{"taxonomy":"category","embeddable":true,"href":"https:\/\/www.azullimao.com.br\/portal\/wp-json\/wp\/v2\/categories?post=2101"},{"taxonomy":"post_tag","embeddable":true,"href":"https:\/\/www.azullimao.com.br\/portal\/wp-json\/wp\/v2\/tags?post=2101"}],"curies":[{"name":"wp","href":"https:\/\/api.w.org\/{rel}","templated":true}]}}