{"id":2083,"date":"2024-02-06T08:02:19","date_gmt":"2024-02-06T11:02:19","guid":{"rendered":"http:\/\/www.azullimao.com.br\/portal\/?p=2083"},"modified":"2024-08-15T17:14:10","modified_gmt":"2024-08-15T20:14:10","slug":"caes-e-gatos-podem-curtir-o-carnaval","status":"publish","type":"post","link":"https:\/\/www.azullimao.com.br\/portal\/colunas\/caes-e-gatos-podem-curtir-o-carnaval\/","title":{"rendered":"C\u00e3es e gatos podem curtir o carnaval?"},"content":{"rendered":"<h2 class=\"article-subtitle\" style=\"text-align: center;\"><img loading=\"lazy\" decoding=\"async\" class=\"aligncenter wp-image-2120 size-full\" src=\"https:\/\/www.azullimao.com.br\/portal\/wp-content\/uploads\/2017\/02\/falandodebichos.png\" width=\"800\" height=\"250\" srcset=\"https:\/\/www.azullimao.com.br\/portal\/wp-content\/uploads\/2017\/02\/falandodebichos.png 800w, https:\/\/www.azullimao.com.br\/portal\/wp-content\/uploads\/2017\/02\/falandodebichos-300x94.png 300w, https:\/\/www.azullimao.com.br\/portal\/wp-content\/uploads\/2017\/02\/falandodebichos-768x240.png 768w\" sizes=\"auto, (max-width: 800px) 100vw, 800px\" \/><\/h2>\n<p>&nbsp;<\/p>\n<h2 class=\"article-subtitle\">Com a chegada do carnaval muitas das pessoas inserem o animal de estima\u00e7\u00e3o nesta grande festa. Mas isto \u00e9 saud\u00e1vel? Ele pode aproveitar o carnaval conosco?<\/h2>\n<p>&nbsp;<\/p>\n<p><img loading=\"lazy\" decoding=\"async\" class=\"alignleft wp-image-2086 size-full\" src=\"https:\/\/www.azullimao.com.br\/portal\/wp-content\/uploads\/2017\/02\/images.jpg\" width=\"260\" height=\"194\" \/><\/p>\n<div class=\"destaque_materia\">\n<p class=\"destaque_materia\">Fonte: <a href=\"http:\/\/saude.abril.com.br\/bem-estar\/caes-e-gatos-podem-curtir-o-carnaval\/\" target=\"_blank\" rel=\"noopener\">Sa\u00fade Abril<\/a><br \/>\nO animal pode ser al\u00e9rgico \u00e0s tinturas vendidas em pet shops.<\/p>\n<p class=\"destaque_materia\">A resposta, na maioria das vezes \u00e9 n\u00e3o. Isto porque muitas das situa\u00e7\u00f5es em que o animal \u00e9 inserido nesta \u00e9poca do ano pode ser um risco para a sua sa\u00fade.<\/p>\n<\/div>\n<p>Vamos come\u00e7ar pelas tinturas da pelagem. \u00c9 muito comum que sejam oferecidas nas pet shops este tipo de tintura para alegrar a casa e fazer uma brincadeira nos dias de folia, mas algu\u00e9m j\u00e1 pensou que o animal pode ser al\u00e9rgico a este tipo de produto, por mais especifico para animais que ele seja? O ideal \u00e9 n\u00e3o utilizar algo que possa representar um risco para a sa\u00fade do bicho. E, se for utilizado, sempre deve ser testado antes. O ideal para testar se um produto pode causar alergia \u00e9 aplicar na extremidade da pata, numa \u00e1rea bem pequena e aguardar 24 horas para verificar se existiu vermelhid\u00e3o e\/ou coceira, por exemplo. Se ficar vermelho, imagina se tivesse aplicado no corpo inteiro do animal? O resultado seria uma crise al\u00e9rgica e muita coceira!<\/p>\n<p>Outra situa\u00e7\u00e3o comum \u00e9 fantasiar os bichos e levar para os bailes ou blocos. Mas algu\u00e9m j\u00e1 parou para pensar no calor desta \u00e9poca do ano? Nossos amigos peludos j\u00e1 possuem uma camada protetora de pelagem que os deixa mais desconfort\u00e1veis no calor, quando comparados aos seres humanos e imagina isto associado a uma fantasia ? \u00c9 importante alertar que o animal pode facilmente, numa situa\u00e7\u00e3o destas, desenvolver um quadro denominado hipertermia, que nada mais \u00e9 que um aumento exagerado da temperatura corp\u00f3rea. Isto porque os pets n\u00e3o suam pela pele, o que ajuda a baixar a temperatura do corpo, como nos humanos. Eles baixam a temperatura do corpo trocando calor interno com o ambiente atrav\u00e9s da respira\u00e7\u00e3o. Por isto ficam t\u00e3o ofegantes no calor. E com uma sobrecarga de roupinhas e muita agita\u00e7\u00e3o podem aumentar muito o calor interno e evoluir para falta de ar, desmaios , convuls\u00e3o, etc.. Um quadro grave e que requer tratamento hospitalar para revers\u00e3o. E o que dir\u00e1 do barulho? \u00c9 sabido que os pets apresentam acuidade auditiva muito mais agu\u00e7ada que os humanos. Um barulho na avenida, que muitas vezes \u00e9 alto at\u00e9 para o homem, \u00e9 muito maior para essas esp\u00e9cies que recebem o som amplificado em muitas vezes.<img loading=\"lazy\" decoding=\"async\" class=\"alignright wp-image-2085\" src=\"https:\/\/www.azullimao.com.br\/portal\/wp-content\/uploads\/2017\/02\/cachorro-62038-300x200.jpg\" width=\"500\" height=\"333\" srcset=\"https:\/\/www.azullimao.com.br\/portal\/wp-content\/uploads\/2017\/02\/cachorro-62038-300x200.jpg 300w, https:\/\/www.azullimao.com.br\/portal\/wp-content\/uploads\/2017\/02\/cachorro-62038.jpg 680w\" sizes=\"auto, (max-width: 500px) 100vw, 500px\" \/><\/p>\n<p>CONTINUA EM <a href=\"http:\/\/saude.abril.com.br\/bem-estar\/caes-e-gatos-podem-curtir-o-carnaval\/\" target=\"_blank\" rel=\"noopener\">Sa\u00fade Abril<\/a><\/p>\n<p>&nbsp;<\/p>\n<p>&nbsp;<\/p>\n<p>&nbsp;<\/p>\n<p>Fonte:<br \/>\n<a href=\"http:\/\/saude.abril.com.br\/bem-estar\/caes-e-gatos-podem-curtir-o-carnaval\/\" target=\"_blank\" rel=\"noopener\">Sa\u00fade Abril<\/a><\/p>\n<p>Por Reda\u00e7\u00e3o M de Mulher Atualizado em 28 out 2016, 01h39 &#8211; Publicado em 24 fev 2014, 22h00<\/p>\n<p>Leia mais em:<a href=\"https:\/\/saude.abril.com.br\/bem-estar\/caes-e-gatos-podem-curtir-o-carnaval\/\" target=\"_blank\" rel=\"noopener\"> https:\/\/saude.abril.com.br\/bem-estar\/caes-e-gatos-podem-curtir-o-carnaval\/<\/a><\/p>\n","protected":false},"excerpt":{"rendered":"<p>&nbsp; Com a chegada do carnaval muitas das pessoas inserem o animal de estima\u00e7\u00e3o nesta grande festa. Mas isto \u00e9<\/p>\n","protected":false},"author":7,"featured_media":2087,"comment_status":"open","ping_status":"open","sticky":false,"template":"","format":"standard","meta":{"footnotes":""},"categories":[192,269],"tags":[2312,260,262,261,263,258,259],"class_list":["post-2083","post","type-post","status-publish","format-standard","has-post-thumbnail","hentry","category-colunas","category-falando-de-bichos","tag-2312","tag-bichos","tag-cachorros","tag-estimacao","tag-gatos","tag-pet","tag-pets"],"_links":{"self":[{"href":"https:\/\/www.azullimao.com.br\/portal\/wp-json\/wp\/v2\/posts\/2083","targetHints":{"allow":["GET"]}}],"collection":[{"href":"https:\/\/www.azullimao.com.br\/portal\/wp-json\/wp\/v2\/posts"}],"about":[{"href":"https:\/\/www.azullimao.com.br\/portal\/wp-json\/wp\/v2\/types\/post"}],"author":[{"embeddable":true,"href":"https:\/\/www.azullimao.com.br\/portal\/wp-json\/wp\/v2\/users\/7"}],"replies":[{"embeddable":true,"href":"https:\/\/www.azullimao.com.br\/portal\/wp-json\/wp\/v2\/comments?post=2083"}],"version-history":[{"count":13,"href":"https:\/\/www.azullimao.com.br\/portal\/wp-json\/wp\/v2\/posts\/2083\/revisions"}],"predecessor-version":[{"id":20897,"href":"https:\/\/www.azullimao.com.br\/portal\/wp-json\/wp\/v2\/posts\/2083\/revisions\/20897"}],"wp:featuredmedia":[{"embeddable":true,"href":"https:\/\/www.azullimao.com.br\/portal\/wp-json\/wp\/v2\/media\/2087"}],"wp:attachment":[{"href":"https:\/\/www.azullimao.com.br\/portal\/wp-json\/wp\/v2\/media?parent=2083"}],"wp:term":[{"taxonomy":"category","embeddable":true,"href":"https:\/\/www.azullimao.com.br\/portal\/wp-json\/wp\/v2\/categories?post=2083"},{"taxonomy":"post_tag","embeddable":true,"href":"https:\/\/www.azullimao.com.br\/portal\/wp-json\/wp\/v2\/tags?post=2083"}],"curies":[{"name":"wp","href":"https:\/\/api.w.org\/{rel}","templated":true}]}}