{"id":20437,"date":"2022-02-04T09:00:25","date_gmt":"2022-02-04T12:00:25","guid":{"rendered":"https:\/\/www.azullimao.com.br\/portal\/?p=20437"},"modified":"2022-03-17T11:46:45","modified_gmt":"2022-03-17T14:46:45","slug":"macae-tem-volta-as-aulas-100-presenciais","status":"publish","type":"post","link":"https:\/\/www.azullimao.com.br\/portal\/materias\/macae-tem-volta-as-aulas-100-presenciais\/","title":{"rendered":"Maca\u00e9 tem volta \u00e0s aulas 100% presenciais"},"content":{"rendered":"<p>A Prefeitura de Maca\u00e9 informa que a volta \u00e0s aulas da rede municipal de ensino acontece nesta segunda-feira (7), 100% presenciais. As unidades educacionais est\u00e3o preparadas para o retorno seguro, seguindo os protocolos sanit\u00e1rios de enfrentamento \u00e0 pandemia de Covid-19. Em Maca\u00e9, cerca de 40 mil alunos s\u00e3o atendidos em 107 escolas municipais.<\/p>\n<p>\u201cEstamos retornando de um momento at\u00edpico e, mesmo com nossas inseguran\u00e7as, permanecemos com expectativas positivas, nos fortalecemos enquanto equipe diante das dificuldades. Aprendemos juntos a vencer obst\u00e1culos, criar estrat\u00e9gias e a\u00e7\u00f5es importantes para dar continuidade \u00e0 Educa\u00e7\u00e3o que acreditamos\u201d, afirmou a Secret\u00e1ria de Educa\u00e7\u00e3o, Eliane Ara\u00fajo.<\/p>\n<p><strong>Educa\u00e7\u00e3o Infantil seguir\u00e1 calend\u00e1rio de adapta\u00e7\u00e3o<\/strong><\/p>\n<p>As crian\u00e7as de 5 anos, Pr\u00e9 II, e as de 4 anos, Pr\u00e9 I, voltam \u00e0s aulas na segunda-feira (7). J\u00e1 as de 3 anos, Maternal II, e 2 anos, Maternal I, retornam na outra semana, dia 14.<\/p>\n<p>Na semana entre os dias 7 e 11, as escolas que atendem em hor\u00e1rio parcial e integral (Pr\u00e9 I e II) funcionar\u00e3o entre 7h30 e 9h30 e 13h \u00e0s 15h. Na semana de 14\/02 a 18\/02 (Maternal I e II \/Pr\u00e9 I e II), as escolas continuar\u00e3o no mesmo hor\u00e1rio.<\/p>\n<p>J\u00e1 na semana de 21\/02 a 25\/02 (Maternal I e II \/ Pr\u00e9 I e II), as aulas ser\u00e3o das 7h30 \u00e0s 10h30, o 1\u00ba turno, e das 13h \u00e0s 16h, o 2\u00ba turno. Alunos de hor\u00e1rio integral, ser\u00e1 das 7h30 \u00e0s 14h30. O hor\u00e1rio passa a ser normal na semana de 07\/03 a 11\/03 (Maternal I e II \/Pr\u00e9 I e II), com o 1\u00ba turno das 7h30 \u00e0s 11h30, 2\u00ba turno das 13h \u00e0s 17h e nas unidades de tempo integral, das 7h30 \u00e0s 16h30.<\/p>\n<p>fonte: Prefeitura Municipal<a href=\"https:\/\/macae.rj.gov.br\/noticias\/leitura\/noticia\/macae-tem-volta-as-aulas-100-presenciais\" target=\"_blank\" rel=\"noopener\">fonte: Prefeitura Municipal<\/a><\/p>\n","protected":false},"excerpt":{"rendered":"<p>A Prefeitura de Maca\u00e9 informa que a volta \u00e0s aulas da rede municipal de ensino acontece nesta segunda-feira (7), 100%<\/p>\n","protected":false},"author":7,"featured_media":20438,"comment_status":"open","ping_status":"open","sticky":false,"template":"","format":"standard","meta":{"footnotes":""},"categories":[177],"tags":[],"class_list":["post-20437","post","type-post","status-publish","format-standard","has-post-thumbnail","hentry","category-materias"],"_links":{"self":[{"href":"https:\/\/www.azullimao.com.br\/portal\/wp-json\/wp\/v2\/posts\/20437","targetHints":{"allow":["GET"]}}],"collection":[{"href":"https:\/\/www.azullimao.com.br\/portal\/wp-json\/wp\/v2\/posts"}],"about":[{"href":"https:\/\/www.azullimao.com.br\/portal\/wp-json\/wp\/v2\/types\/post"}],"author":[{"embeddable":true,"href":"https:\/\/www.azullimao.com.br\/portal\/wp-json\/wp\/v2\/users\/7"}],"replies":[{"embeddable":true,"href":"https:\/\/www.azullimao.com.br\/portal\/wp-json\/wp\/v2\/comments?post=20437"}],"version-history":[{"count":1,"href":"https:\/\/www.azullimao.com.br\/portal\/wp-json\/wp\/v2\/posts\/20437\/revisions"}],"predecessor-version":[{"id":20439,"href":"https:\/\/www.azullimao.com.br\/portal\/wp-json\/wp\/v2\/posts\/20437\/revisions\/20439"}],"wp:featuredmedia":[{"embeddable":true,"href":"https:\/\/www.azullimao.com.br\/portal\/wp-json\/wp\/v2\/media\/20438"}],"wp:attachment":[{"href":"https:\/\/www.azullimao.com.br\/portal\/wp-json\/wp\/v2\/media?parent=20437"}],"wp:term":[{"taxonomy":"category","embeddable":true,"href":"https:\/\/www.azullimao.com.br\/portal\/wp-json\/wp\/v2\/categories?post=20437"},{"taxonomy":"post_tag","embeddable":true,"href":"https:\/\/www.azullimao.com.br\/portal\/wp-json\/wp\/v2\/tags?post=20437"}],"curies":[{"name":"wp","href":"https:\/\/api.w.org\/{rel}","templated":true}]}}