{"id":20264,"date":"2022-01-24T16:02:54","date_gmt":"2022-01-24T19:02:54","guid":{"rendered":"https:\/\/www.azullimao.com.br\/portal\/?p=20264"},"modified":"2022-03-17T11:47:55","modified_gmt":"2022-03-17T14:47:55","slug":"emprego-semana-comeca-com-271-vagas-disponiveis-em-macae","status":"publish","type":"post","link":"https:\/\/www.azullimao.com.br\/portal\/noticias-e-empregos\/emprego-semana-comeca-com-271-vagas-disponiveis-em-macae\/","title":{"rendered":"Emprego: semana come\u00e7a com 271 vagas dispon\u00edveis em Maca\u00e9"},"content":{"rendered":"<div>A Prefeitura de Maca\u00e9, por meio da Secretaria Adjunta de Trabalho e Renda, divulga 271 vagas de emprego esta semana. As oportunidades s\u00e3o para diferentes n\u00edveis de escolaridade e diversos segmentos.<\/div>\n<p>Os interessados em concorrer \u00e0s vagas podem se dirigir \u00e0 sede da Central do Trabalhador, que funciona na Rodovia Amaral Peixoto, s\/n (em frente ao Est\u00e1dio Cl\u00e1udio Moacyr), na Barra de Maca\u00e9, das 8h \u00e0s 17h. Caso n\u00e3o encontre uma vaga que se encaixe no perfil desejado, \u00e9 poss\u00edvel fazer um cadastro de forma online (link abaixo).<\/p>\n<p>As vagas com mais ofertas s\u00e3o: Caldeireiro \/ Encanador (24), Soldador (24), Lixador (24), Operador de Preven\u00e7\u00e3o de Perdas (15), Planejador Integrado de Manuten\u00e7\u00e3o (14), Engenheiro (11), Engenheiro 3 (10), Motorista Escolar (10), Operador Mec\u00e2nico de Hidrojatos (10) e Operador de Perec\u00edveis (08).<\/p>\n<p>A lista completa com as vagas de emprego est\u00e1 dispon\u00edvel no site oficial da prefeitura. O cidad\u00e3o deve ficar atento aos canais oficiais do governo.<\/p>\n<p><a href=\"https:\/\/sistemas.macae.rj.gov.br:84\/semtre\/interno\/interno\/muralexterno.php\"><strong>Clique e confira a lista completa.<\/strong><\/a><\/p>\n<p>Seguem os links de acesso aos servi\u00e7os da Secretaria de Trabalho e Renda:<\/p>\n<p>Ao empres\u00e1rio:\u00a0<a href=\"https:\/\/sistemas.macae.rj.gov.br:84\/semtre\/\"><strong>cadastrar vagas de emprego.<\/strong><\/a><\/p>\n<p>Ao trabalhador:\u00a0<a href=\"https:\/\/sistemas.macae.rj.gov.br:84\/semtre\/\"><strong>efetuar o cadastro para vagas de emprego.<\/strong><\/a><\/p>\n<p>Ao cidad\u00e3o:\u00a0<a href=\"https:\/\/sistemas.macae.rj.gov.br:84\/semtre\/interno\/interno\/muralexterno.php\"><strong>consultar vagas de emprego.<\/strong><\/a><\/p>\n<p>Fonte: <a href=\"https:\/\/macae.rj.gov.br\/noticias\/leitura\/noticia\/emprego-semana-comeca-com-271-vagas-disponiveis\" target=\"_blank\" rel=\"noopener\">Prefeitura de Maca\u00e9<\/a><\/p>\n","protected":false},"excerpt":{"rendered":"<p>A Prefeitura de Maca\u00e9, por meio da Secretaria Adjunta de Trabalho e Renda, divulga 271 vagas de emprego esta semana.<\/p>\n","protected":false},"author":7,"featured_media":20026,"comment_status":"open","ping_status":"open","sticky":false,"template":"","format":"standard","meta":{"footnotes":""},"categories":[810],"tags":[],"class_list":["post-20264","post","type-post","status-publish","format-standard","has-post-thumbnail","hentry","category-noticias-e-empregos"],"_links":{"self":[{"href":"https:\/\/www.azullimao.com.br\/portal\/wp-json\/wp\/v2\/posts\/20264","targetHints":{"allow":["GET"]}}],"collection":[{"href":"https:\/\/www.azullimao.com.br\/portal\/wp-json\/wp\/v2\/posts"}],"about":[{"href":"https:\/\/www.azullimao.com.br\/portal\/wp-json\/wp\/v2\/types\/post"}],"author":[{"embeddable":true,"href":"https:\/\/www.azullimao.com.br\/portal\/wp-json\/wp\/v2\/users\/7"}],"replies":[{"embeddable":true,"href":"https:\/\/www.azullimao.com.br\/portal\/wp-json\/wp\/v2\/comments?post=20264"}],"version-history":[{"count":2,"href":"https:\/\/www.azullimao.com.br\/portal\/wp-json\/wp\/v2\/posts\/20264\/revisions"}],"predecessor-version":[{"id":20266,"href":"https:\/\/www.azullimao.com.br\/portal\/wp-json\/wp\/v2\/posts\/20264\/revisions\/20266"}],"wp:featuredmedia":[{"embeddable":true,"href":"https:\/\/www.azullimao.com.br\/portal\/wp-json\/wp\/v2\/media\/20026"}],"wp:attachment":[{"href":"https:\/\/www.azullimao.com.br\/portal\/wp-json\/wp\/v2\/media?parent=20264"}],"wp:term":[{"taxonomy":"category","embeddable":true,"href":"https:\/\/www.azullimao.com.br\/portal\/wp-json\/wp\/v2\/categories?post=20264"},{"taxonomy":"post_tag","embeddable":true,"href":"https:\/\/www.azullimao.com.br\/portal\/wp-json\/wp\/v2\/tags?post=20264"}],"curies":[{"name":"wp","href":"https:\/\/api.w.org\/{rel}","templated":true}]}}