{"id":18207,"date":"2021-11-08T10:25:50","date_gmt":"2021-11-08T13:25:50","guid":{"rendered":"https:\/\/www.azullimao.com.br\/portal\/?p=18207"},"modified":"2024-08-15T19:03:00","modified_gmt":"2024-08-15T22:03:00","slug":"leilao-do-5g-confirma-expectativas-e-arrecada-r-467-bilhoes","status":"publish","type":"post","link":"https:\/\/www.azullimao.com.br\/portal\/colunas\/renato-martins\/leilao-do-5g-confirma-expectativas-e-arrecada-r-467-bilhoes\/","title":{"rendered":"Leil\u00e3o do 5G confirma expectativas e arrecada R$ 46,7 bilh\u00f5es"},"content":{"rendered":"<div>\n<p>Nesta fase, 85% das faixas de radiofrequ\u00eancias foram vendidas e todos os compromissos de investimentos contemplados; valor econ\u00f4mico superou em R$ 5 bi o pre\u00e7o m\u00ednimo previsto<\/p>\n<\/div>\n<div>\n<p>Bras\u00edlia-DF, 05\/11\/2021 \u2014 O maior leil\u00e3o de radiofrequ\u00eancias da Am\u00e9rica Latina foi consumado com sucesso pelo Minist\u00e9rio das Comunica\u00e7\u00f5es (MCom) e Ag\u00eancia Nacional de Telecomunica\u00e7\u00f5es (Anatel). Das faixas de radiofrequ\u00eancia disponibilizadas, 85% foram arrematadas com ofertas que somaram R$ 46,7 bilh\u00f5es. Desse valor, mais de R$ 39,3 bi ser\u00e3o revertidos em investimentos para ampliar a infraestrutura de conectividade no Brasil. O valor econ\u00f4mico total excedeu em R$ 5 bilh\u00f5es o pre\u00e7o m\u00ednimo estipulado pelo Governo Federal no edital da licita\u00e7\u00e3o.<\/p>\n<p>&#8220;Superou todas as nossas expectativas&#8221;, comemorou o ministro das Comunica\u00e7\u00f5es, F\u00e1bio Faria. Durante coletiva de imprensa, realizada ap\u00f3s fechamento da an\u00e1lise e julgamento das propostas, Faria salientou o esfor\u00e7o feito para realizar a licita\u00e7\u00e3o e inaugurar no pa\u00eds uma nova era de conectividade. &#8220;Foram 15 meses de trabalho intenso para que a gente pudesse trazer de fato o 5G para o Brasil e hoje chegamos com not\u00edcias altamente positivas&#8221;, pontuou. O ministro destacou que o resultado do leil\u00e3o foi superior a todas as licita\u00e7\u00f5es anteriores do setor de telecomunica\u00e7\u00f5es somadas. Em n\u00fameros aproximados, a venda das faixas do 3G rendeu R$ 7 bi; do 4G movimentou R$ 12 bi; e a privatiza\u00e7\u00e3o da Telebras, R$ 22 bi.<\/p>\n<p>A realiza\u00e7\u00e3o do leil\u00e3o marca a chegada da tecnologia 5G no Brasil e fomenta investimentos no setor de telecomunica\u00e7\u00f5es. Com a venda das faixas, todas as obriga\u00e7\u00f5es de cobertura de internet m\u00f3vel foram contempladas. Isso significa que ser\u00e3o atendidos os compromissos previstos para amplia\u00e7\u00e3o da infraestrutura de conectividade. &#8220;Temos a garantia e a certeza de que todos os valores arrecadados nesse leil\u00e3o ser\u00e3o convertidos em benef\u00edcios para a popula\u00e7\u00e3o&#8221;, sustentou o ministro.<\/p>\n<p>Entre as obriga\u00e7\u00f5es assumidas pelas empresas vencedoras est\u00e3o: levar cobertura 5G a todas as capitais e cidades com mais de 30 mil habitantes; garantir internet 4G nas rodovias federais e localidades ainda sem conex\u00e3o; implantar rede de fibra \u00f3ptica em locais com pouca ou nenhuma infraestrutura de conectividade; implantar o Programa Amaz\u00f4nia Integrada e Sustent\u00e1vel (PAIS) e o projeto da rede privativa de comunica\u00e7\u00e3o da Administra\u00e7\u00e3o P\u00fablica Federal; custear a migra\u00e7\u00e3o da TV parab\u00f3lica para TV via sat\u00e9lite; investir em projetos de conectividade em escolas.<\/p>\n<p>PRAZOS PARA IMPLEMENTA\u00c7\u00c3O\u00a0\u2014 Com o avan\u00e7o do leil\u00e3o, surge a d\u00favida a respeito de quando a tecnologia 5G efetivamente ser\u00e1 implementada em todo o territ\u00f3rio brasileiro. O edital possui metas fixadas ano a ano. As primeiras vencem em julho de 2022, quando todas as capitais brasileiras devem ter cobertura de 5G. J\u00e1 em 2028, a meta \u00e9 para cobertura de todas as cidades do pa\u00eds.<\/p>\n<p>NOVAS OPERADORAS\u00a0\u2014 Al\u00e9m de atrair investimentos, o leil\u00e3o do 5G tamb\u00e9m possibilitar\u00e1 a entrada de seis novas operadoras de telefonia m\u00f3vel no Brasil. As empresas Winity II Telecom, a Brisanet, o Cons\u00f3rcio 5G Sul, a Cloud2u, a Fly Link e a Neko Servi\u00e7os arremataram lotes e ganharam o direito de explorar as faixas para levar servi\u00e7o de internet \u00e0 popula\u00e7\u00e3o.<\/p>\n<p>CONCORR\u00caNCIAS\u00a0\u2014 As operadoras m\u00f3veis com maior porte disputaram intensamente a faixa de 2,3 GHz. Somadas, Vivo, Claro e TIM aportaram mais de R$ 2,3 bilh\u00f5es no embate, alguns lotes alcan\u00e7aram \u00e1gio de at\u00e9 855%. Para o MCom a faixa \u00e9 estrat\u00e9gica, porque ser\u00e1 destinada \u00e0 rede com alta capacidade (em \u00e1reas densamente povoadas), mas tamb\u00e9m ser\u00e1 inicialmente dividida com o 4G, mantendo a compatibilidade com muitos aparelhos telef\u00f4nicos no mercado. A Claro arrematou lotes relativos a fatias de 50 MHz na faixa de 2,3 GHz e ficou com S\u00e3o Paulo, al\u00e9m das regi\u00f5es Norte, Sul e Centro Oeste, pelas quais ofereceu R$ 1,2 bilh\u00e3o.<\/p>\n<p>A Brisanet arrematou o lote E4 (50 MHz) que engloba a regi\u00e3o Nordeste, por R$ 111,3 milh\u00f5es. Vivo ficou com Rio de Janeiro, Minas Gerais e Esp\u00edrito Santo, por R$ 176,4 milh\u00f5es. As tr\u00eas principais operadoras ainda concorreram pelos blocos de 40 MHz: a Vivo adquiriu lotes relativos a S\u00e3o Paulo e as regi\u00f5es Norte e Centro Oeste, somando R$ 290 milh\u00f5es; TIM ficou com a regi\u00e3o Sul (R$ 94,5 milh\u00f5es) e com Rio de Janeiro, Minas Gerais e Esp\u00edrito Santo (R$ 450 milh\u00f5es). Ao final, o lote F8 (40 MHz na faixa 2,3 GHz) acabou tornando-se o mais disputado do primeiro dia, com Algar e TIM alternando lances por 17 vezes. A Algar arrematou o lote com a oferta de R$ 57 milh\u00f5es, configurando \u00e1gio de 1.127% sobre o pre\u00e7o m\u00ednimo.<\/p>\n<p>PR\u00d3XIMOS PASSOS\u00a0\u2014 Abra\u00e3o Balbino e Silva, presidente da Comiss\u00e3o Especial de Licita\u00e7\u00e3o (CEL) e superintendente de Competi\u00e7\u00e3o da Anatel, suspendeu o leil\u00e3o com a conclus\u00e3o da an\u00e1lise e julgamento dos lotes. Os trabalhos foram retomados por uma hora, \u00e0s 13h30, para leitura dos resultados e encaminhamento das pr\u00f3ximas etapas para o fechamento da licita\u00e7\u00e3o. A CEL fechou as atividades do dia indicando a retomada na pr\u00f3xima ter\u00e7a (9\/11), \u00e0s 9 horas.<\/p>\n<p>A Anatel criar\u00e1, em at\u00e9 15 dias ap\u00f3s a homologa\u00e7\u00e3o do resultado do leil\u00e3o, um Grupo de Acompanhamento do Custeio a Projetos de Conectividade de Escolas (GAPE), a ser formado por representantes do MCom; da Anatel; do Minist\u00e9rio da Educa\u00e7\u00e3o; e representante de cada uma das empresas vencedoras da faixa de 26 GHz. O grupo ser\u00e1 presidido por um conselheiro da Anatel, a ser indicado. O grupo ser\u00e1 respons\u00e1vel por definir projetos de conectividade das escolas, detalhando caracter\u00edsticas, crit\u00e9rios t\u00e9cnicos, cronograma de metas e estudos de precifica\u00e7\u00e3o.<\/p>\n<p><strong>Fonte: MCOM &#8211; Imprensa<\/strong><\/p>\n<\/div>\n","protected":false},"excerpt":{"rendered":"<p>Nesta fase, 85% das faixas de radiofrequ\u00eancias foram vendidas e todos os compromissos de investimentos contemplados; valor econ\u00f4mico superou em<\/p>\n","protected":false},"author":7,"featured_media":18208,"comment_status":"closed","ping_status":"open","sticky":false,"template":"","format":"standard","meta":{"footnotes":""},"categories":[166,173],"tags":[2266],"class_list":["post-18207","post","type-post","status-publish","format-standard","has-post-thumbnail","hentry","category-renato-martins","category-tecnologia","tag-5g"],"_links":{"self":[{"href":"https:\/\/www.azullimao.com.br\/portal\/wp-json\/wp\/v2\/posts\/18207","targetHints":{"allow":["GET"]}}],"collection":[{"href":"https:\/\/www.azullimao.com.br\/portal\/wp-json\/wp\/v2\/posts"}],"about":[{"href":"https:\/\/www.azullimao.com.br\/portal\/wp-json\/wp\/v2\/types\/post"}],"author":[{"embeddable":true,"href":"https:\/\/www.azullimao.com.br\/portal\/wp-json\/wp\/v2\/users\/7"}],"replies":[{"embeddable":true,"href":"https:\/\/www.azullimao.com.br\/portal\/wp-json\/wp\/v2\/comments?post=18207"}],"version-history":[{"count":2,"href":"https:\/\/www.azullimao.com.br\/portal\/wp-json\/wp\/v2\/posts\/18207\/revisions"}],"predecessor-version":[{"id":26191,"href":"https:\/\/www.azullimao.com.br\/portal\/wp-json\/wp\/v2\/posts\/18207\/revisions\/26191"}],"wp:featuredmedia":[{"embeddable":true,"href":"https:\/\/www.azullimao.com.br\/portal\/wp-json\/wp\/v2\/media\/18208"}],"wp:attachment":[{"href":"https:\/\/www.azullimao.com.br\/portal\/wp-json\/wp\/v2\/media?parent=18207"}],"wp:term":[{"taxonomy":"category","embeddable":true,"href":"https:\/\/www.azullimao.com.br\/portal\/wp-json\/wp\/v2\/categories?post=18207"},{"taxonomy":"post_tag","embeddable":true,"href":"https:\/\/www.azullimao.com.br\/portal\/wp-json\/wp\/v2\/tags?post=18207"}],"curies":[{"name":"wp","href":"https:\/\/api.w.org\/{rel}","templated":true}]}}