{"id":17856,"date":"2021-06-10T15:49:56","date_gmt":"2021-06-10T18:49:56","guid":{"rendered":"http:\/\/www.azullimao.com.br\/portal\/?p=17856"},"modified":"2021-06-10T15:49:56","modified_gmt":"2021-06-10T18:49:56","slug":"aeroporto-de-macae-atinge-pontuacao-mais-elevada-no-programa-da-anac-e-recebe-o-titulo-de-aeroporto-sustentavel","status":"publish","type":"post","link":"https:\/\/www.azullimao.com.br\/portal\/materias\/aeroporto-de-macae-atinge-pontuacao-mais-elevada-no-programa-da-anac-e-recebe-o-titulo-de-aeroporto-sustentavel\/","title":{"rendered":"Aeroporto de Maca\u00e9 atinge pontua\u00e7\u00e3o mais elevada no programa da ANAC e recebe o t\u00edtulo de Aeroporto Sustent\u00e1vel"},"content":{"rendered":"<p style=\"font-weight: 400;\">Ap\u00f3s diversas iniciativas e boas pr\u00e1ticas relacionadas a sustentabilidade, o Aeroporto de\u00a0Maca\u00e9\u00a0atingiu a pontua\u00e7\u00e3o mais elevada entre os participantes da Edi\u00e7\u00e3o 2020 do\u00a0Programa Aeroportos Sustent\u00e1veis e recebeu o t\u00edtulo da ANAC nesta ter\u00e7a-feira (08), durante o webinar Avia\u00e7\u00e3o Sustent\u00e1vel, transmitido ao vivo pelo Canal da Ag\u00eancia no Youtube. O programa reconhece os aeroportos que se destacaram durante o ano, dentro de\u00a0cada\u00a0categoria de aer\u00f3dromos, definida por n\u00famero de passageiros.<\/p>\n<p style=\"font-weight: 400;\">\n<p style=\"font-weight: 400;\">Dentre as melhorias e programas desenvolvidos para a conquista do t\u00edtulo, a Zurich Airport Brasil investiu no desenvolvimento de 5 pilares de gest\u00e3o: energia, res\u00edduos, \u00e1gua, mudan\u00e7a clim\u00e1tica, bem-estar e educa\u00e7\u00e3o ambiental. Entre as iniciativas, est\u00e3o:<\/p>\n<p style=\"font-weight: 400;\">\n<ul style=\"font-weight: 400;\">\n<li>BMS: Sistema de Monitoramento de Efici\u00eancia En\u00e9rgica (sensores inteligentes que monitoram a ilumina\u00e7\u00e3o, climatiza\u00e7\u00e3o, etc. em tempo real)<\/li>\n<li>Ilumina\u00e7\u00e3o natural (clarab\u00f3ia) e troca gradativa l\u00e2mpadas por LED<\/li>\n<li>100% da energia consumida no TPS oriunda de fontes limpas e renov\u00e1veis<\/li>\n<li>Separa\u00e7\u00e3o dos residuos na fonte geradora (recicl\u00e1veis, nao recicl\u00e1veis, org\u00e2nicos e perigosos) e doa\u00e7\u00e3o para cooperativas<\/li>\n<li>Desvio de\u00a0aterro em uma m\u00e9dia de 73%<\/li>\n<li>Consumo medido pelos hidr\u00f3metros e uso racional controlado pelo BMS<\/li>\n<li>Instala\u00e7\u00e3o de aeradores\/ redutores de vaz\u00e3o nas torneiras<\/li>\n<li>Mapeamento e quantifica\u00e7\u00e3o de todas as fontes emisoras de Gases de Efeito Estufa em 2021<\/li>\n<li>Kit use e reuse para colaboradores, al\u00e9m de gest\u00e3o documental 100% eletr\u00f4nica (90% de redu\u00e7\u00e3o no consumo de folhas de papel)<\/li>\n<\/ul>\n<p style=\"font-weight: 400;\">\n<p style=\"font-weight: 400;\">Durante o encontro virtual, o CEO da Zurich Airport Brasil, Ricardo Gesse, refor\u00e7ou que esse \u00e9 um dos valores que norteiam a empresa. \u201cA Zurich Airport Brasil sempre teve em seu DNA o respeito e o cuidado com o meio ambiente, e esse pr\u00eamio reflete os nossos esfor\u00e7os e a seriedade com que tratamos o tema. A gest\u00e3o dos recursos e as diversas medidas que implementamos em todos nossos aeroportos fazem parte do nosso compromisso com a sustentabilidade e com a contribui\u00e7\u00e3o para um setor melhor\u201d afirmou.<\/p>\n<p style=\"font-weight: 400;\">\n<p style=\"font-weight: 400;\">A webinar trouxe reflex\u00f5es importantes para o setor, ministrada pela Juliana Macedo Scavuzzi, Diretora-Executiva da Airports Council International (ACI World) que deu exemplos de a\u00e7\u00f5es pr\u00e1ticas no dia a dia para a sustentabilidade nos aeroportos.<\/p>\n<p style=\"font-weight: 400;\"><strong>Fonte: Ass. Imprensa<\/strong><br \/>\n<img loading=\"lazy\" decoding=\"async\" id=\"m_3632234815530286588_x0036_42B09F0-8FA3-422C-A627-C9D4E25FD223\" class=\"CToWUd\" src=\"https:\/\/mail.google.com\/mail\/u\/1?ui=2&amp;ik=e9c7e4dba6&amp;attid=0.0.1&amp;permmsgid=msg-f:1702014375616150821&amp;th=179ec50e95357d25&amp;view=fimg&amp;sz=s0-l75-ft&amp;attbid=ANGjdJ9ohj9grAd3GC54IkLNcI_Owk8hssm3DOpFXpqFgiz4ABiwrUmp3GOEGEHgpA8ZP6Dm420xfMeV8GN3WNYbt1O5Pyt7AVwCXtZCHx-c5hCIooc7bLwPF9fcYlQ&amp;disp=emb\" width=\"119\" height=\"34\" data-image-whitelisted=\"\" \/><\/p>\n","protected":false},"excerpt":{"rendered":"<p>Ap\u00f3s diversas iniciativas e boas pr\u00e1ticas relacionadas a sustentabilidade, o Aeroporto de\u00a0Maca\u00e9\u00a0atingiu a pontua\u00e7\u00e3o mais elevada entre os participantes da<\/p>\n","protected":false},"author":7,"featured_media":17857,"comment_status":"open","ping_status":"open","sticky":false,"template":"","format":"standard","meta":{"footnotes":""},"categories":[177],"tags":[],"class_list":["post-17856","post","type-post","status-publish","format-standard","has-post-thumbnail","hentry","category-materias"],"_links":{"self":[{"href":"https:\/\/www.azullimao.com.br\/portal\/wp-json\/wp\/v2\/posts\/17856","targetHints":{"allow":["GET"]}}],"collection":[{"href":"https:\/\/www.azullimao.com.br\/portal\/wp-json\/wp\/v2\/posts"}],"about":[{"href":"https:\/\/www.azullimao.com.br\/portal\/wp-json\/wp\/v2\/types\/post"}],"author":[{"embeddable":true,"href":"https:\/\/www.azullimao.com.br\/portal\/wp-json\/wp\/v2\/users\/7"}],"replies":[{"embeddable":true,"href":"https:\/\/www.azullimao.com.br\/portal\/wp-json\/wp\/v2\/comments?post=17856"}],"version-history":[{"count":1,"href":"https:\/\/www.azullimao.com.br\/portal\/wp-json\/wp\/v2\/posts\/17856\/revisions"}],"predecessor-version":[{"id":17858,"href":"https:\/\/www.azullimao.com.br\/portal\/wp-json\/wp\/v2\/posts\/17856\/revisions\/17858"}],"wp:featuredmedia":[{"embeddable":true,"href":"https:\/\/www.azullimao.com.br\/portal\/wp-json\/wp\/v2\/media\/17857"}],"wp:attachment":[{"href":"https:\/\/www.azullimao.com.br\/portal\/wp-json\/wp\/v2\/media?parent=17856"}],"wp:term":[{"taxonomy":"category","embeddable":true,"href":"https:\/\/www.azullimao.com.br\/portal\/wp-json\/wp\/v2\/categories?post=17856"},{"taxonomy":"post_tag","embeddable":true,"href":"https:\/\/www.azullimao.com.br\/portal\/wp-json\/wp\/v2\/tags?post=17856"}],"curies":[{"name":"wp","href":"https:\/\/api.w.org\/{rel}","templated":true}]}}