{"id":17764,"date":"2021-03-25T11:04:44","date_gmt":"2021-03-25T14:04:44","guid":{"rendered":"http:\/\/www.azullimao.com.br\/portal\/?p=17764"},"modified":"2021-03-25T11:04:44","modified_gmt":"2021-03-25T14:04:44","slug":"covid-19-novas-restricoes-comecam-a-valer-nesta-sexta-feira-26-em-macae-rj","status":"publish","type":"post","link":"https:\/\/www.azullimao.com.br\/portal\/materias\/covid-19-novas-restricoes-comecam-a-valer-nesta-sexta-feira-26-em-macae-rj\/","title":{"rendered":"COVID-19: Novas restri\u00e7\u00f5es come\u00e7am a valer nesta sexta-feira (26) em Maca\u00e9-RJ"},"content":{"rendered":"<p><img loading=\"lazy\" decoding=\"async\" class=\"alignnone wp-image-17765 size-large\" src=\"https:\/\/www.azullimao.com.br\/portal\/wp-content\/uploads\/2021\/03\/prfeitura_2-1024x1024.jpg\" alt=\"\" width=\"800\" height=\"800\" srcset=\"https:\/\/www.azullimao.com.br\/portal\/wp-content\/uploads\/2021\/03\/prfeitura_2-1024x1024.jpg 1024w, https:\/\/www.azullimao.com.br\/portal\/wp-content\/uploads\/2021\/03\/prfeitura_2-300x300.jpg 300w, https:\/\/www.azullimao.com.br\/portal\/wp-content\/uploads\/2021\/03\/prfeitura_2-150x150.jpg 150w, https:\/\/www.azullimao.com.br\/portal\/wp-content\/uploads\/2021\/03\/prfeitura_2-768x768.jpg 768w, https:\/\/www.azullimao.com.br\/portal\/wp-content\/uploads\/2021\/03\/prfeitura_2.jpg 1080w\" sizes=\"auto, (max-width: 800px) 100vw, 800px\" \/><br \/>\n<img loading=\"lazy\" decoding=\"async\" class=\"alignnone wp-image-17766 size-large\" src=\"https:\/\/www.azullimao.com.br\/portal\/wp-content\/uploads\/2021\/03\/prfeitura_3-1024x1024.jpg\" alt=\"\" width=\"800\" height=\"800\" srcset=\"https:\/\/www.azullimao.com.br\/portal\/wp-content\/uploads\/2021\/03\/prfeitura_3-1024x1024.jpg 1024w, https:\/\/www.azullimao.com.br\/portal\/wp-content\/uploads\/2021\/03\/prfeitura_3-300x300.jpg 300w, https:\/\/www.azullimao.com.br\/portal\/wp-content\/uploads\/2021\/03\/prfeitura_3-150x150.jpg 150w, https:\/\/www.azullimao.com.br\/portal\/wp-content\/uploads\/2021\/03\/prfeitura_3-768x768.jpg 768w, https:\/\/www.azullimao.com.br\/portal\/wp-content\/uploads\/2021\/03\/prfeitura_3.jpg 1080w\" sizes=\"auto, (max-width: 800px) 100vw, 800px\" \/><br \/>\n<img loading=\"lazy\" decoding=\"async\" class=\"alignnone wp-image-17768 size-large\" src=\"https:\/\/www.azullimao.com.br\/portal\/wp-content\/uploads\/2021\/03\/prfeitura_5-1024x1024.jpg\" alt=\"\" width=\"800\" height=\"800\" srcset=\"https:\/\/www.azullimao.com.br\/portal\/wp-content\/uploads\/2021\/03\/prfeitura_5-1024x1024.jpg 1024w, https:\/\/www.azullimao.com.br\/portal\/wp-content\/uploads\/2021\/03\/prfeitura_5-300x300.jpg 300w, https:\/\/www.azullimao.com.br\/portal\/wp-content\/uploads\/2021\/03\/prfeitura_5-150x150.jpg 150w, https:\/\/www.azullimao.com.br\/portal\/wp-content\/uploads\/2021\/03\/prfeitura_5-768x768.jpg 768w, https:\/\/www.azullimao.com.br\/portal\/wp-content\/uploads\/2021\/03\/prfeitura_5.jpg 1080w\" sizes=\"auto, (max-width: 800px) 100vw, 800px\" \/><br \/>\n<img loading=\"lazy\" decoding=\"async\" class=\"alignnone wp-image-17767 size-large\" src=\"https:\/\/www.azullimao.com.br\/portal\/wp-content\/uploads\/2021\/03\/prfeitura_4-1024x1024.jpg\" alt=\"\" width=\"800\" height=\"800\" srcset=\"https:\/\/www.azullimao.com.br\/portal\/wp-content\/uploads\/2021\/03\/prfeitura_4-1024x1024.jpg 1024w, https:\/\/www.azullimao.com.br\/portal\/wp-content\/uploads\/2021\/03\/prfeitura_4-300x300.jpg 300w, https:\/\/www.azullimao.com.br\/portal\/wp-content\/uploads\/2021\/03\/prfeitura_4-150x150.jpg 150w, https:\/\/www.azullimao.com.br\/portal\/wp-content\/uploads\/2021\/03\/prfeitura_4-768x768.jpg 768w, https:\/\/www.azullimao.com.br\/portal\/wp-content\/uploads\/2021\/03\/prfeitura_4.jpg 1080w\" sizes=\"auto, (max-width: 800px) 100vw, 800px\" \/><br \/>\n<img loading=\"lazy\" decoding=\"async\" class=\"alignnone wp-image-17769 size-large\" src=\"https:\/\/www.azullimao.com.br\/portal\/wp-content\/uploads\/2021\/03\/prfeitura_6-1024x1024.jpg\" alt=\"\" width=\"800\" height=\"800\" srcset=\"https:\/\/www.azullimao.com.br\/portal\/wp-content\/uploads\/2021\/03\/prfeitura_6-1024x1024.jpg 1024w, https:\/\/www.azullimao.com.br\/portal\/wp-content\/uploads\/2021\/03\/prfeitura_6-300x300.jpg 300w, https:\/\/www.azullimao.com.br\/portal\/wp-content\/uploads\/2021\/03\/prfeitura_6-150x150.jpg 150w, https:\/\/www.azullimao.com.br\/portal\/wp-content\/uploads\/2021\/03\/prfeitura_6-768x768.jpg 768w, https:\/\/www.azullimao.com.br\/portal\/wp-content\/uploads\/2021\/03\/prfeitura_6.jpg 1080w\" sizes=\"auto, (max-width: 800px) 100vw, 800px\" \/><br \/>\n<a href=\"http:\/\/www.macae.rj.gov.br\/noticias\/leitura\/noticia\/covid-19-novas-restricoes-comecam-a-valer-nesta-sexta-feira-26\" target=\"_blank\" rel=\"noopener\">Fonte: Prefeitura Municipal de Maca\u00e9<\/a><\/p>\n","protected":false},"excerpt":{"rendered":"<p>Fonte: Prefeitura Municipal de Maca\u00e9<\/p>\n","protected":false},"author":7,"featured_media":17771,"comment_status":"open","ping_status":"open","sticky":false,"template":"","format":"standard","meta":{"footnotes":""},"categories":[177],"tags":[],"class_list":["post-17764","post","type-post","status-publish","format-standard","has-post-thumbnail","hentry","category-materias"],"_links":{"self":[{"href":"https:\/\/www.azullimao.com.br\/portal\/wp-json\/wp\/v2\/posts\/17764","targetHints":{"allow":["GET"]}}],"collection":[{"href":"https:\/\/www.azullimao.com.br\/portal\/wp-json\/wp\/v2\/posts"}],"about":[{"href":"https:\/\/www.azullimao.com.br\/portal\/wp-json\/wp\/v2\/types\/post"}],"author":[{"embeddable":true,"href":"https:\/\/www.azullimao.com.br\/portal\/wp-json\/wp\/v2\/users\/7"}],"replies":[{"embeddable":true,"href":"https:\/\/www.azullimao.com.br\/portal\/wp-json\/wp\/v2\/comments?post=17764"}],"version-history":[{"count":2,"href":"https:\/\/www.azullimao.com.br\/portal\/wp-json\/wp\/v2\/posts\/17764\/revisions"}],"predecessor-version":[{"id":17772,"href":"https:\/\/www.azullimao.com.br\/portal\/wp-json\/wp\/v2\/posts\/17764\/revisions\/17772"}],"wp:featuredmedia":[{"embeddable":true,"href":"https:\/\/www.azullimao.com.br\/portal\/wp-json\/wp\/v2\/media\/17771"}],"wp:attachment":[{"href":"https:\/\/www.azullimao.com.br\/portal\/wp-json\/wp\/v2\/media?parent=17764"}],"wp:term":[{"taxonomy":"category","embeddable":true,"href":"https:\/\/www.azullimao.com.br\/portal\/wp-json\/wp\/v2\/categories?post=17764"},{"taxonomy":"post_tag","embeddable":true,"href":"https:\/\/www.azullimao.com.br\/portal\/wp-json\/wp\/v2\/tags?post=17764"}],"curies":[{"name":"wp","href":"https:\/\/api.w.org\/{rel}","templated":true}]}}