{"id":17675,"date":"2021-02-04T17:19:45","date_gmt":"2021-02-04T20:19:45","guid":{"rendered":"http:\/\/www.azullimao.com.br\/portal\/?p=17675"},"modified":"2021-02-04T17:20:47","modified_gmt":"2021-02-04T20:20:47","slug":"consorcio-formado-por-veiculos-de-imprensa-faz-campanha-para-conscientizacao-da-importancia-da-vacina","status":"publish","type":"post","link":"https:\/\/www.azullimao.com.br\/portal\/materias\/consorcio-formado-por-veiculos-de-imprensa-faz-campanha-para-conscientizacao-da-importancia-da-vacina\/","title":{"rendered":"Cons\u00f3rcio formado por ve\u00edculos de imprensa faz campanha para conscientiza\u00e7\u00e3o da import\u00e2ncia da vacina"},"content":{"rendered":"<p>Ao longo dos \u00faltimos meses, alguns dos principais ve\u00edculos de comunica\u00e7\u00e3o do pa\u00eds se uniram para compartilhar com os brasileiros informa\u00e7\u00f5es acuradas sobre a evolu\u00e7\u00e3o da Covid-19. Agora que a vacina chegou ao Brasil, o cons\u00f3rcio de ve\u00edculos de imprensa prop\u00f5e uma mobiliza\u00e7\u00e3o para mostrar que \u00e9 hora de todos levantarem suas mangas. Com o mote\u00a0&#8220;Vacina Sim&#8221;,\u00a0TV Globo, G1, GloboNews, O GLOBO, Extra, O Estado de S. Paulo, Folha de S. Paulo e UOL\u00a0lan\u00e7aram, nesta sexta-feira, 29\/1, no Jornal Nacional, uma campanha de conscientiza\u00e7\u00e3o da import\u00e2ncia da vacina. O objetivo \u00e9 amplificar a informa\u00e7\u00e3o de que a vacina protege todos, sobretudo neste momento em que enfrentamos a pandemia que j\u00e1 matou mais de 200 mil pessoas no Brasil.<\/p>\n<p>&#8220;O cons\u00f3rcio nasceu para suprir uma lacuna grave. Como superar a pandemia sem saber onde o v\u00edrus est\u00e1 chegando, com que for\u00e7a e alcance? O jornalismo profissional preencheu esta lacuna. A campanha de est\u00edmulo \u00e0 vacina\u00e7\u00e3o inaugurada agora \u00e9 um segundo passo natural para o cons\u00f3rcio. Ve\u00edculos que concorrem entre si unidos para o bem coletivo. Motivar os brasileiros a buscarem a vacina&#8221;, explica\u00a0Ricardo Villela, diretor de Jornalismo da Globo.\u00a0&#8220;Se vacinar \u00e9 cuidar de si, do outro, da fam\u00edlia, dos amigos, da sociedade. Entendemos que este \u00e9 um bom momento para lembrar isso. E, como nos \u00faltimos meses estivemos juntos, todos os dias, com outros ve\u00edculos de comunica\u00e7\u00e3o para levar para a sociedade n\u00fameros e informa\u00e7\u00f5es confi\u00e1veis sobre a m\u00e9dia de casos de Covid no Brasil, achamos importante estar novamente ao lado deles e do p\u00fablico para fazer essa reflex\u00e3o&#8221;, destaca\u00a0Manuel Falc\u00e3o, diretor de Marca e Comunica\u00e7\u00e3o da Globo.<\/p>\n<p>O primeiro filme, que est\u00e1 sendo veiculado na TV Globo, na GloboNews e no G1, \u00e9 uma anima\u00e7\u00e3o em que o locutor afirma que &#8220;\u00c9 hora de dizer Vacina Sim. Ela protege voc\u00ea e protege os outros. Vacina Sim. Uma campanha para todos&#8221;. Tamb\u00e9m est\u00e3o previstas pe\u00e7as para m\u00eddia impressa e digital nos ve\u00edculos que fazem parte do cons\u00f3rcio.<\/p>\n<p>Os diretores de reda\u00e7\u00e3o dos jornais Folha de S. Paulo,\u00a0S\u00e9rgio D\u00e1vila, e do Globo,\u00a0Alan Gripp, ressaltam a iniciativa do cons\u00f3rcio:\u00a0&#8220;O cons\u00f3rcio de ve\u00edculos de imprensa \u00e9 uma iniciativa sem precedentes, com a dimens\u00e3o que a pandemia exige, em raz\u00e3o da urg\u00eancia de consolidar dados confi\u00e1veis diariamente. Agora \u00e9 a hora de o pa\u00eds garantir a maior vacina\u00e7\u00e3o poss\u00edvel, pelo bem coletivo, e este grupo n\u00e3o poderia ficar de fora deste momento&#8221;, disse Gripp. De acordo com D\u00e1vila,\u00a0&#8220;n\u00e3o h\u00e1 sa\u00edda para a pandemia fora da vacina. Mais uma vez, cabe ao jornalismo profissional divulgar esta informa\u00e7\u00e3o vital. Por incompet\u00eancia das autoridades, o cons\u00f3rcio in\u00e9dito dos meios de comunica\u00e7\u00e3o se une novamente para refor\u00e7ar a necessidade da imuniza\u00e7\u00e3o nacional e para contabilizar a porcentagem dos vacinados no pa\u00eds&#8221;\u00a0.<\/p>\n<p>Murilo Garavello, diretor de conte\u00fado do UOL, lembra que\u00a0&#8220;todos os dias os jornalistas do cons\u00f3rcio trabalham intensamente, checam fatos, questionam autoridades, traduzem em linguagem acess\u00edvel a enorme massa de dados cient\u00edficos do combate \u00e0 pandemia, tudo para levar \u00e0s pessoas a melhor informa\u00e7\u00e3o poss\u00edvel. Nos unimos para garantir que haveria n\u00fameros confi\u00e1veis sobre a pandemia e, agora, estamos juntos mais uma vez para vencer a desinforma\u00e7\u00e3o e mostrar que a vacina \u00e9 a \u00fanica alternativa poss\u00edvel&#8221;\u00a0.<\/p>\n<p>J\u00e1 para o diretor de Jornalismo do Grupo Estado,\u00a0Jo\u00e3o Caminoto, a promo\u00e7\u00e3o da vacina \u00e9 um passo \u00e0 frente na conten\u00e7\u00e3o da Covid e das fake news:\u00a0&#8220;A defesa e promo\u00e7\u00e3o da vacina, al\u00e9m de ser um passo crucial na conten\u00e7\u00e3o da Covid, significa dar um basta \u00e0s fake news, ao negacionismo, ao obscurantismo e valorizar a informa\u00e7\u00e3o, a ci\u00eancia e a cidadania. Portanto, ao promovermos essa campanha estamos seguindo nossa miss\u00e3o de informar e conscientizar a sociedade&#8221;\u00a0.<\/p>\n<p>O lan\u00e7amento \u00e9 parte de um movimento que ganhar\u00e1 desdobramentos ao longo dos pr\u00f3ximos meses, com ativa\u00e7\u00e3o nas redes sociais, novas pe\u00e7as publicit\u00e1rias e cross conte\u00fado.<\/p>\n<p>Assista aqui:\u00a0<a href=\"https:\/\/youtu.be\/4fzdfyb2hi4\" target=\"_blank\" rel=\"noopener\" data-saferedirecturl=\"https:\/\/www.google.com\/url?q=https:\/\/youtu.be\/4fzdfyb2hi4&amp;source=gmail&amp;ust=1612556086774000&amp;usg=AFQjCNED6FxD_hDDMRlkszwTbDGNGuRxsQ\">https:\/\/youtu.be\/4fzdfyb2hi4<\/a><\/p>\n<p><strong>FICHA T\u00c9CNICA:<\/strong><br \/>\nDiretor de Comunica\u00e7\u00e3o Globo: Manuel Falc\u00e3o<br \/>\nDire\u00e7\u00e3o de Cria\u00e7\u00e3o: Mariana S\u00e1 e Leandro Castilho<br \/>\nCria\u00e7\u00e3o: Luiz Henrique Costa, Z\u00e9 Celso Oliveira e Christiano Calvet<br \/>\nAtendimento: Mariana Novaes, Suzana Prista e Viviane Tanner<br \/>\nGerente de Produ\u00e7\u00e3o: Ricardo Leo<br \/>\nProdu\u00e7\u00e3o Executiva: Milaine Almeida<br \/>\nProdutor Musical: Reno Duarte<br \/>\nDire\u00e7\u00e3o CDesign: Alexandre Arrabal<br \/>\nCoordena\u00e7\u00e3o CDesign: Valerycka Rizzo<br \/>\nMotion design\/efeitos: Carolina Miranda<\/p>\n","protected":false},"excerpt":{"rendered":"<p>Ao longo dos \u00faltimos meses, alguns dos principais ve\u00edculos de comunica\u00e7\u00e3o do pa\u00eds se uniram para compartilhar com os brasileiros<\/p>\n","protected":false},"author":7,"featured_media":17676,"comment_status":"open","ping_status":"open","sticky":false,"template":"","format":"standard","meta":{"footnotes":""},"categories":[177],"tags":[],"class_list":["post-17675","post","type-post","status-publish","format-standard","has-post-thumbnail","hentry","category-materias"],"_links":{"self":[{"href":"https:\/\/www.azullimao.com.br\/portal\/wp-json\/wp\/v2\/posts\/17675","targetHints":{"allow":["GET"]}}],"collection":[{"href":"https:\/\/www.azullimao.com.br\/portal\/wp-json\/wp\/v2\/posts"}],"about":[{"href":"https:\/\/www.azullimao.com.br\/portal\/wp-json\/wp\/v2\/types\/post"}],"author":[{"embeddable":true,"href":"https:\/\/www.azullimao.com.br\/portal\/wp-json\/wp\/v2\/users\/7"}],"replies":[{"embeddable":true,"href":"https:\/\/www.azullimao.com.br\/portal\/wp-json\/wp\/v2\/comments?post=17675"}],"version-history":[{"count":2,"href":"https:\/\/www.azullimao.com.br\/portal\/wp-json\/wp\/v2\/posts\/17675\/revisions"}],"predecessor-version":[{"id":17678,"href":"https:\/\/www.azullimao.com.br\/portal\/wp-json\/wp\/v2\/posts\/17675\/revisions\/17678"}],"wp:featuredmedia":[{"embeddable":true,"href":"https:\/\/www.azullimao.com.br\/portal\/wp-json\/wp\/v2\/media\/17676"}],"wp:attachment":[{"href":"https:\/\/www.azullimao.com.br\/portal\/wp-json\/wp\/v2\/media?parent=17675"}],"wp:term":[{"taxonomy":"category","embeddable":true,"href":"https:\/\/www.azullimao.com.br\/portal\/wp-json\/wp\/v2\/categories?post=17675"},{"taxonomy":"post_tag","embeddable":true,"href":"https:\/\/www.azullimao.com.br\/portal\/wp-json\/wp\/v2\/tags?post=17675"}],"curies":[{"name":"wp","href":"https:\/\/api.w.org\/{rel}","templated":true}]}}