{"id":17618,"date":"2020-12-10T17:31:49","date_gmt":"2020-12-10T20:31:49","guid":{"rendered":"http:\/\/www.azullimao.com.br\/portal\/?p=17618"},"modified":"2020-12-10T17:32:39","modified_gmt":"2020-12-10T20:32:39","slug":"desafio-empreendedor-2020-premia-inovacao-de-macae","status":"publish","type":"post","link":"https:\/\/www.azullimao.com.br\/portal\/colunas\/renato-martins\/desafio-empreendedor-2020-premia-inovacao-de-macae\/","title":{"rendered":"Desafio Empreendedor 2020 premia inova\u00e7\u00e3o de Maca\u00e9"},"content":{"rendered":"<div>Foi realizada nesta ter\u00e7a-feira (08), a quinta edi\u00e7\u00e3o Desafio Empreendedor, evento realizado pelo CRIOS-UFRJ com apoio do Sebrae e Prefeitura de Maca\u00e9. Neste ano, o evento foi realizado de forma remota em atendimento \u00e0s medidas de conten\u00e7\u00e3o da Covid-19, com um p\u00fablico de universidades, empresas e empreendedores.<\/div>\n<p>Na solenidade de abertura, o professor Carlos Eduardo Silva apresentou as principais realiza\u00e7\u00f5es de 2020 do ecossistema de empreendedorismo e inova\u00e7\u00e3o da regi\u00e3o, com destaque para o crescente n\u00famero de startups, mentores e investimentos p\u00fablicos e privados nas iniciativas de Maca\u00e9.<\/p>\n<p>O evento tem como objetivo reconhecer as iniciativas de empreendedorismo e inova\u00e7\u00e3o na regi\u00e3o. Neste ano, o Desafio Empreendedor contemplou 05 categorias: Personalidade Empreendedora, Professor(a) Empreendedor(a), Projeto Destaque em Combate \u00e0 COVID-19, Empresa Destaque em Inova\u00e7\u00e3o Aberta e Startup Destaque. Todas as categorias passaram pelo processo de indica\u00e7\u00e3o aberta ao p\u00fablico.<br \/>\n<strong>Os finalistas foram:<\/strong><\/p>\n<ul>\n<li style=\"list-style-type: none;\">\n<ul>\n<li>Personalidade Empreendedora: Camillo Torquato, Guilherme Torrejon, Inglith Monteiro, Raisa Fadel e Thiago Lopes.<\/li>\n<\/ul>\n<\/li>\n<\/ul>\n<ul>\n<li style=\"list-style-type: none;\">\n<ul>\n<li>Professor (a) Empreendedor (a): Carlos Bazilio (UFF), Daniel Arruda (UFF), Rafael Malheiro (UFRJ) e Rodrigo Nunes da Fonseca (NUPEM-UFRJ).<\/li>\n<\/ul>\n<\/li>\n<\/ul>\n<ul>\n<li style=\"list-style-type: none;\">\n<ul>\n<li>Projeto Destaque em Combate \u00e0 Covid-19: Laborat\u00f3rio de Virologia Molecular para Produ\u00e7\u00e3o de Testes PCR (Nupem), Robovid-19: Aplicativo para tirar d\u00favidas sobre o novo coronav\u00edrus (UFF-Rio das Ostras), Produ\u00e7\u00e3o de FaceShields com Impressora 3D (Laborat\u00f3rio Inovar), Cartilha Informativa de Olho na Covid-19 (Nupem).<\/li>\n<\/ul>\n<\/li>\n<\/ul>\n<ul>\n<li style=\"list-style-type: none;\">\n<ul>\n<li>Empresa Destaque em Inova\u00e7\u00e3o Aberta: Petrobras, Ocyan e Vallourec.<\/li>\n<\/ul>\n<\/li>\n<\/ul>\n<ul>\n<li style=\"list-style-type: none;\">\n<ul>\n<li>Startup Destaque: American Insight, Congresse.me, Natural Pet, Nextale e T&amp;D Sustent\u00e1vel.<\/li>\n<\/ul>\n<\/li>\n<\/ul>\n<p>A avalia\u00e7\u00e3o ficou por conta de uma banca com grandes nomes do ecossistema de inova\u00e7\u00e3o: Gilberto Reis, Sebrae; Glauco Nader, Rede Petro; Isadora Azzalin, ABStartups; Henrique Da Hora, TecCampos e Kelly Mendes, Sebrae. Os vencedores de cada categoria foram:<\/p>\n<ul>\n<li style=\"list-style-type: none;\">\n<ul>\n<li>Thiago Lopes, como Personalidade Empreendedora 2020;<br \/>\nCarlos Baz\u00edlio, como Professor (a) Empreendedor (a) 2020;<br \/>\nLaborat\u00f3rio de Virologia Molecular Nupem UFRJ, como Projeto Destaque em Combate \u00e0 Covid-19;<br \/>\nPetrobras, como Empresa Destaque em Inova\u00e7\u00e3o Aberta 2020;<br \/>\nNextale, como Startup Destaque 2020.<\/li>\n<\/ul>\n<\/li>\n<\/ul>\n<p><a href=\"http:\/\/www.macae.rj.gov.br\/noticias\/leitura\/noticia\/desafio-empreendedor-2020-premia-inovacao-de-macae\" target=\"_blank\" rel=\"noopener noreferrer\">Fonte: Prefeitura de Maca\u00e9<\/a><br \/>\nJornalista: Divulga\u00e7\u00e3o<\/p>\n<ul>\n<li style=\"list-style-type: none;\"><\/li>\n<\/ul>\n","protected":false},"excerpt":{"rendered":"<p>Foi realizada nesta ter\u00e7a-feira (08), a quinta edi\u00e7\u00e3o Desafio Empreendedor, evento realizado pelo CRIOS-UFRJ com apoio do Sebrae e Prefeitura<\/p>\n","protected":false},"author":7,"featured_media":17620,"comment_status":"open","ping_status":"open","sticky":false,"template":"","format":"standard","meta":{"footnotes":""},"categories":[166,173],"tags":[],"class_list":["post-17618","post","type-post","status-publish","format-standard","has-post-thumbnail","hentry","category-renato-martins","category-tecnologia"],"_links":{"self":[{"href":"https:\/\/www.azullimao.com.br\/portal\/wp-json\/wp\/v2\/posts\/17618","targetHints":{"allow":["GET"]}}],"collection":[{"href":"https:\/\/www.azullimao.com.br\/portal\/wp-json\/wp\/v2\/posts"}],"about":[{"href":"https:\/\/www.azullimao.com.br\/portal\/wp-json\/wp\/v2\/types\/post"}],"author":[{"embeddable":true,"href":"https:\/\/www.azullimao.com.br\/portal\/wp-json\/wp\/v2\/users\/7"}],"replies":[{"embeddable":true,"href":"https:\/\/www.azullimao.com.br\/portal\/wp-json\/wp\/v2\/comments?post=17618"}],"version-history":[{"count":1,"href":"https:\/\/www.azullimao.com.br\/portal\/wp-json\/wp\/v2\/posts\/17618\/revisions"}],"predecessor-version":[{"id":17621,"href":"https:\/\/www.azullimao.com.br\/portal\/wp-json\/wp\/v2\/posts\/17618\/revisions\/17621"}],"wp:featuredmedia":[{"embeddable":true,"href":"https:\/\/www.azullimao.com.br\/portal\/wp-json\/wp\/v2\/media\/17620"}],"wp:attachment":[{"href":"https:\/\/www.azullimao.com.br\/portal\/wp-json\/wp\/v2\/media?parent=17618"}],"wp:term":[{"taxonomy":"category","embeddable":true,"href":"https:\/\/www.azullimao.com.br\/portal\/wp-json\/wp\/v2\/categories?post=17618"},{"taxonomy":"post_tag","embeddable":true,"href":"https:\/\/www.azullimao.com.br\/portal\/wp-json\/wp\/v2\/tags?post=17618"}],"curies":[{"name":"wp","href":"https:\/\/api.w.org\/{rel}","templated":true}]}}