{"id":17551,"date":"2020-11-25T17:07:23","date_gmt":"2020-11-25T20:07:23","guid":{"rendered":"http:\/\/www.azullimao.com.br\/portal\/?p=17551"},"modified":"2020-11-25T17:07:23","modified_gmt":"2020-11-25T20:07:23","slug":"inscricoes-para-o-colegio-de-aplicacao-sao-prorrogadas","status":"publish","type":"post","link":"https:\/\/www.azullimao.com.br\/portal\/materias\/inscricoes-para-o-colegio-de-aplicacao-sao-prorrogadas\/","title":{"rendered":"Inscri\u00e7\u00f5es para o Col\u00e9gio de Aplica\u00e7\u00e3o s\u00e3o prorrogadas"},"content":{"rendered":"<div>As inscri\u00e7\u00f5es para o processo de sele\u00e7\u00e3o de admiss\u00e3o \u00e0 1\u00aa S\u00e9rie do Ensino M\u00e9dio ao Col\u00e9gio de Aplica\u00e7\u00e3o, da Prefeitura de Maca\u00e9, foram prorrogadas at\u00e9 a pr\u00f3xima sexta-feira (27), conforme Errata 3 e Adendo ao Edital 001\/2020 divulgados nesta ter\u00e7a (24). Est\u00e3o sendo ofertadas 60 vagas e as inscri\u00e7\u00f5es s\u00e3o gratuitas, podendo ser feitas somente via Internet, no portal da prefeitura macae.rj.gov.br, onde tamb\u00e9m est\u00e3o dispon\u00edveis o edital e as erratas.<\/div>\n<p>&nbsp;<\/p>\n<p>&nbsp;<\/p>\n<div>No novo documento divulgado, foi acrescentado o artigo 25\u00ba no edital. \u201cOs candidatos provenientes de institui\u00e7\u00f5es escolares que utilizam conceito alfab\u00e9tico ou escala num\u00e9rica diferenciada, cujas unidades n\u00e3o realizaram a convers\u00e3o da documenta\u00e7\u00e3o escolar, poder\u00e3o realizar sua inscri\u00e7\u00e3o, fazendo ele pr\u00f3prio a convers\u00e3o, de acordo com o padr\u00e3o t\u00e9cnico a seguir: a) Os candidatos portadores de documenta\u00e7\u00e3o escolar, cujo desempenho foi expresso com conceito A, dever\u00e3o utilizar a m\u00e9dia 92; b) Os candidatos portadores de documenta\u00e7\u00e3o escolar, cujo desempenho foi expresso com conceito B, dever\u00e3o utilizar a m\u00e9dia 75; c) Os candidatos portadores de documenta\u00e7\u00e3o escolar, cujo desempenho foi expresso com escala num\u00e9rica diferente de 0 a 100, dever\u00e3o utilizar a regra de 3 simples para encontrar a m\u00e9dia correspondente.<\/p>\n<p>A Errata 3 e o Adendo tamb\u00e9m informam que, \u201cem todos os casos previstos no artigo anterior, a documenta\u00e7\u00e3o escolar comprobat\u00f3ria dever\u00e1 ser anexada em formato PDF, conforme previsto no edital, para an\u00e1lise e homologa\u00e7\u00e3o\u201d. Os candidatos devem ler com aten\u00e7\u00e3o o Edital e as Erratas antes de se inscreverem.<\/p>\n<p>Devido \u00e0 pandemia do coronav\u00edrus n\u00e3o haver\u00e1 prova presencial este ano. Conforme o edital, o processo avaliativo consistir\u00e1 na An\u00e1lise do Rendimento Escolar para candidatos inscritos com nota anual do 8\u00ba ano de escolaridade maior que ou igual a 75 em L\u00edngua Portuguesa e maior que ou igual a 75 em Matem\u00e1tica.<\/p><\/div>\n<p>&nbsp;<\/p>\n<div>Quem tiver d\u00favidas quanto ao processo seletivo pode entrar em contato com a equipe organizadora pelo e-mail: <a href=\"http:\/\/capatendimentoaocandidato@macae.rj.gov.br.\" target=\"_blank\" rel=\"noopener noreferrer\">capatendimentoaocandidato@macae.rj.gov.br.<\/a><\/div>\n","protected":false},"excerpt":{"rendered":"<p>As inscri\u00e7\u00f5es para o processo de sele\u00e7\u00e3o de admiss\u00e3o \u00e0 1\u00aa S\u00e9rie do Ensino M\u00e9dio ao Col\u00e9gio de Aplica\u00e7\u00e3o, da<\/p>\n","protected":false},"author":7,"featured_media":17552,"comment_status":"open","ping_status":"open","sticky":false,"template":"","format":"standard","meta":{"footnotes":""},"categories":[177],"tags":[],"class_list":["post-17551","post","type-post","status-publish","format-standard","has-post-thumbnail","hentry","category-materias"],"_links":{"self":[{"href":"https:\/\/www.azullimao.com.br\/portal\/wp-json\/wp\/v2\/posts\/17551","targetHints":{"allow":["GET"]}}],"collection":[{"href":"https:\/\/www.azullimao.com.br\/portal\/wp-json\/wp\/v2\/posts"}],"about":[{"href":"https:\/\/www.azullimao.com.br\/portal\/wp-json\/wp\/v2\/types\/post"}],"author":[{"embeddable":true,"href":"https:\/\/www.azullimao.com.br\/portal\/wp-json\/wp\/v2\/users\/7"}],"replies":[{"embeddable":true,"href":"https:\/\/www.azullimao.com.br\/portal\/wp-json\/wp\/v2\/comments?post=17551"}],"version-history":[{"count":1,"href":"https:\/\/www.azullimao.com.br\/portal\/wp-json\/wp\/v2\/posts\/17551\/revisions"}],"predecessor-version":[{"id":17553,"href":"https:\/\/www.azullimao.com.br\/portal\/wp-json\/wp\/v2\/posts\/17551\/revisions\/17553"}],"wp:featuredmedia":[{"embeddable":true,"href":"https:\/\/www.azullimao.com.br\/portal\/wp-json\/wp\/v2\/media\/17552"}],"wp:attachment":[{"href":"https:\/\/www.azullimao.com.br\/portal\/wp-json\/wp\/v2\/media?parent=17551"}],"wp:term":[{"taxonomy":"category","embeddable":true,"href":"https:\/\/www.azullimao.com.br\/portal\/wp-json\/wp\/v2\/categories?post=17551"},{"taxonomy":"post_tag","embeddable":true,"href":"https:\/\/www.azullimao.com.br\/portal\/wp-json\/wp\/v2\/tags?post=17551"}],"curies":[{"name":"wp","href":"https:\/\/api.w.org\/{rel}","templated":true}]}}