{"id":17342,"date":"2020-10-07T10:58:23","date_gmt":"2020-10-07T13:58:23","guid":{"rendered":"http:\/\/www.azullimao.com.br\/portal\/?p=17342"},"modified":"2020-10-07T11:03:42","modified_gmt":"2020-10-07T14:03:42","slug":"aeroporto-de-macae-retoma-voos-para-o-rio-de-janeiro-a-partir","status":"publish","type":"post","link":"https:\/\/www.azullimao.com.br\/portal\/materias\/aeroporto-de-macae-retoma-voos-para-o-rio-de-janeiro-a-partir\/","title":{"rendered":"Maca\u00e9 retoma voos para o Rio de Janeiro a partir de Novembro"},"content":{"rendered":"<p style=\"font-weight: 400;\"><strong>\u00a0<\/strong>Ap\u00f3s oito meses sem voos de passageiros, a Aeroportos do Sudeste do Brasil (ASeB) anuncia o retorno dos voos no Aeroporto de Maca\u00e9. A retomada est\u00e1 prevista para o dia <strong>12 de novembro<\/strong> com voos para o Aeroporto Santos Dumont, no Rio de Janeiro, operados pela Azul Conecta.<\/p>\n<p style=\"font-weight: 400;\">A aeronave que ser\u00e1 utilizada \u00e9 a modelo Turbo H\u00e9lice Caravan. <strong>Os voos ter\u00e3o tr\u00eas op\u00e7\u00f5es di\u00e1rias, com frequ\u00eancia de segunda a sexta-feira.<\/strong><\/p>\n<p style=\"font-weight: 400;\">\u201cA ind\u00fastria da avia\u00e7\u00e3o sempre teve altos padr\u00f5es sanit\u00e1rios e, com a pandemia, isso foi aperfei\u00e7oado. Viajar sempre foi seguro e continua sendo muito seguro.\u00a0Al\u00e9m disso, a volta de\u00a0um voo como este, que tem o perfil corporativo, \u00e9 muito positivo pois reflete\u00a0uma retomada da economia\u201d observa Ricardo Gesse, CEO dos aeroportos de Maca\u00e9, Vit\u00f3ria e Florian\u00f3polis.<\/p>\n<p style=\"font-weight: 400;\">Sempre pronto para receber os passageiros, o Aeroporto de Maca\u00e9 cumpre desde o in\u00edcio da pandemia, todas as normas dos \u00f3rg\u00e3os de Sa\u00fade para garantir um ambiente seguro para quem precisa viajar.\u00a0 O retorno dos voos, refor\u00e7a o compromisso da concession\u00e1ria com uma retomada gradual e segura, que sempre garante solu\u00e7\u00f5es para os clientes, aumentando sua tranquilidade ao viajar.<\/p>\n<p style=\"font-weight: 400;\">A ASeB adotou medidas que visam \u00e0 orienta\u00e7\u00e3o, preven\u00e7\u00e3o e seguran\u00e7a dos passageiros e visitantes em seus terminais, com o compromisso de prestar um servi\u00e7o de qualidade e responsabilidade. Entre as iniciativas, pode-se destacar a implanta\u00e7\u00e3o de marcadores de fila para distanciamento m\u00ednimo, disponibiliza\u00e7\u00e3o de \u00e1lcool gel em diversos pontos no terminal, intensifica\u00e7\u00e3o da rotina de limpeza, comunica\u00e7\u00e3o visual com orienta\u00e7\u00f5es de preven\u00e7\u00e3o e a utiliza\u00e7\u00e3o de m\u00e1scara por todos os funcion\u00e1rios.<\/p>\n<p>Fonte: Assessoria de Imprensa ASeB<br \/>\nFoto: Assessoria de Imprensa ASeB<\/p>\n<p style=\"font-weight: 400;\">\n","protected":false},"excerpt":{"rendered":"<p>\u00a0Ap\u00f3s oito meses sem voos de passageiros, a Aeroportos do Sudeste do Brasil (ASeB) anuncia o retorno dos voos no<\/p>\n","protected":false},"author":7,"featured_media":17343,"comment_status":"open","ping_status":"open","sticky":false,"template":"","format":"standard","meta":{"footnotes":""},"categories":[177],"tags":[],"class_list":["post-17342","post","type-post","status-publish","format-standard","has-post-thumbnail","hentry","category-materias"],"_links":{"self":[{"href":"https:\/\/www.azullimao.com.br\/portal\/wp-json\/wp\/v2\/posts\/17342","targetHints":{"allow":["GET"]}}],"collection":[{"href":"https:\/\/www.azullimao.com.br\/portal\/wp-json\/wp\/v2\/posts"}],"about":[{"href":"https:\/\/www.azullimao.com.br\/portal\/wp-json\/wp\/v2\/types\/post"}],"author":[{"embeddable":true,"href":"https:\/\/www.azullimao.com.br\/portal\/wp-json\/wp\/v2\/users\/7"}],"replies":[{"embeddable":true,"href":"https:\/\/www.azullimao.com.br\/portal\/wp-json\/wp\/v2\/comments?post=17342"}],"version-history":[{"count":6,"href":"https:\/\/www.azullimao.com.br\/portal\/wp-json\/wp\/v2\/posts\/17342\/revisions"}],"predecessor-version":[{"id":17349,"href":"https:\/\/www.azullimao.com.br\/portal\/wp-json\/wp\/v2\/posts\/17342\/revisions\/17349"}],"wp:featuredmedia":[{"embeddable":true,"href":"https:\/\/www.azullimao.com.br\/portal\/wp-json\/wp\/v2\/media\/17343"}],"wp:attachment":[{"href":"https:\/\/www.azullimao.com.br\/portal\/wp-json\/wp\/v2\/media?parent=17342"}],"wp:term":[{"taxonomy":"category","embeddable":true,"href":"https:\/\/www.azullimao.com.br\/portal\/wp-json\/wp\/v2\/categories?post=17342"},{"taxonomy":"post_tag","embeddable":true,"href":"https:\/\/www.azullimao.com.br\/portal\/wp-json\/wp\/v2\/tags?post=17342"}],"curies":[{"name":"wp","href":"https:\/\/api.w.org\/{rel}","templated":true}]}}