{"id":17224,"date":"2020-08-26T19:06:35","date_gmt":"2020-08-26T22:06:35","guid":{"rendered":"http:\/\/www.azullimao.com.br\/portal\/?p=17224"},"modified":"2020-08-26T19:07:09","modified_gmt":"2020-08-26T22:07:09","slug":"kynnie-lanca-sua-primeira-musica-simples-assim-nesta-sexta-28","status":"publish","type":"post","link":"https:\/\/www.azullimao.com.br\/portal\/materias\/kynnie-lanca-sua-primeira-musica-simples-assim-nesta-sexta-28\/","title":{"rendered":"Kynnie lan\u00e7a sua primeira m\u00fasica \u201cSimples Assim\u201d nesta sexta (28)"},"content":{"rendered":"<p>Nova artista do selo Inbraza carrega mix pop de R&amp;B, jazz e blues, com refer\u00eancias de sua ancestralidade, empoderamento e paix\u00f5es em suas composi\u00e7\u00f5es<\/p>\n<p>Pot\u00eancia, representatividade, for\u00e7a e paix\u00e3o descrevem a personalidade do trabalho da nova aposta do selo Inbraza. Com 27 anos, Kynnie chega com um vozer\u00e3o entoando um mix pop de R&amp;B, jazz e blues, acompanhando de letras autorais. O primeiro single da cantora, \u201cSimples Assim\u201d, foi inspirado em uma de suas paix\u00f5es e j\u00e1 est\u00e1 dispoin\u00edvel nesta sexta (28) pela Som Livre <strong>em todas as plataformas de m\u00fasica.<\/strong><\/p>\n<p>Carregado de empoderamento, o clipe dirigido por Helder Fruteira, apresenta uma vis\u00e3o conceitual da artista Kynnie para ao mundo. A equipe de produ\u00e7\u00e3o foi majoritariamente formada por profissionais negros, a pedido da cantora, refor\u00e7ando uma de suas bandeiras representativas.<\/p>\n<p>Kynnie nasceu em uma fam\u00edlia de m\u00fasicos e suas lembran\u00e7as mais recentes est\u00e3o ligadas a arte como forma de se expressar. F\u00e3 de nomes como Amy Winehouse, Beyonce, Janelle Monae e Ray Charles, a cantora se destaca no YouTube ao colecionar covers destes artistas. \u201cSimples Assim\u201d representa o marco de sua carreira profissional e faz parte de uma trilogia de singles, a serem lan\u00e7ados nos pr\u00f3ximos meses. Kynnie se encontra em \u00eaxtase com a estreia: \u201cEu nem acredito que finalmente vou colocar meu primeiro som no mundo. Algo que tem a minha cara e que, com certeza, daqui h\u00e1 5 anos, vou olhar para tr\u00e1s e me orgulhar de ter feito, sabe? M\u00fasica para mim, \u00e9 algo atemporal\u201d, conta.<\/p>\n<p>A composi\u00e7\u00e3o da faixa, em parceria com os Dogz (Pablo Bispo, Ruxell e S\u00e9rgio Santos), \u00e9 feita de experi\u00eancias vividas pela cantora e apresenta um pouco sobre sua ess\u00eancia. \u201cPrecisava de algo que me fizesse lembrar de que: tudo bem, passei por isso, mas superei e agora n\u00e3o estou mais na sua m\u00e3o, sabe? Que eu fui em frente. Que rolou amor, paix\u00e3o, mas o meu amor pr\u00f3prio vem em primeiro lugar\u201d, declara Kynnie<\/p>\n<p><strong>Fonte: Ass. Imprensa<\/strong><\/p>\n","protected":false},"excerpt":{"rendered":"<p>Nova artista do selo Inbraza carrega mix pop de R&amp;B, jazz e blues, com refer\u00eancias de sua ancestralidade, empoderamento e<\/p>\n","protected":false},"author":7,"featured_media":17226,"comment_status":"open","ping_status":"open","sticky":false,"template":"","format":"standard","meta":{"footnotes":""},"categories":[177],"tags":[288],"class_list":["post-17224","post","type-post","status-publish","format-standard","has-post-thumbnail","hentry","category-materias","tag-macae"],"_links":{"self":[{"href":"https:\/\/www.azullimao.com.br\/portal\/wp-json\/wp\/v2\/posts\/17224","targetHints":{"allow":["GET"]}}],"collection":[{"href":"https:\/\/www.azullimao.com.br\/portal\/wp-json\/wp\/v2\/posts"}],"about":[{"href":"https:\/\/www.azullimao.com.br\/portal\/wp-json\/wp\/v2\/types\/post"}],"author":[{"embeddable":true,"href":"https:\/\/www.azullimao.com.br\/portal\/wp-json\/wp\/v2\/users\/7"}],"replies":[{"embeddable":true,"href":"https:\/\/www.azullimao.com.br\/portal\/wp-json\/wp\/v2\/comments?post=17224"}],"version-history":[{"count":3,"href":"https:\/\/www.azullimao.com.br\/portal\/wp-json\/wp\/v2\/posts\/17224\/revisions"}],"predecessor-version":[{"id":17228,"href":"https:\/\/www.azullimao.com.br\/portal\/wp-json\/wp\/v2\/posts\/17224\/revisions\/17228"}],"wp:featuredmedia":[{"embeddable":true,"href":"https:\/\/www.azullimao.com.br\/portal\/wp-json\/wp\/v2\/media\/17226"}],"wp:attachment":[{"href":"https:\/\/www.azullimao.com.br\/portal\/wp-json\/wp\/v2\/media?parent=17224"}],"wp:term":[{"taxonomy":"category","embeddable":true,"href":"https:\/\/www.azullimao.com.br\/portal\/wp-json\/wp\/v2\/categories?post=17224"},{"taxonomy":"post_tag","embeddable":true,"href":"https:\/\/www.azullimao.com.br\/portal\/wp-json\/wp\/v2\/tags?post=17224"}],"curies":[{"name":"wp","href":"https:\/\/api.w.org\/{rel}","templated":true}]}}