{"id":17208,"date":"2020-08-20T11:49:14","date_gmt":"2020-08-20T14:49:14","guid":{"rendered":"http:\/\/www.azullimao.com.br\/portal\/?p=17208"},"modified":"2020-08-20T12:04:04","modified_gmt":"2020-08-20T15:04:04","slug":"acao-conjunta-realiza-fiscalizacao-do-uso-obrigatorio-de-mascara-em-macae","status":"publish","type":"post","link":"https:\/\/www.azullimao.com.br\/portal\/materias\/acao-conjunta-realiza-fiscalizacao-do-uso-obrigatorio-de-mascara-em-macae\/","title":{"rendered":"A\u00e7\u00e3o conjunta realiza fiscaliza\u00e7\u00e3o do uso obrigat\u00f3rio de m\u00e1scara em Maca\u00e9"},"content":{"rendered":"<p>Em vigor desde a \u00faltima semana, o\u00a0<a href=\"http:\/\/www.macae.rj.gov.br\/midia\/uploads\/Decreto%20114%202020%20Utilizacao%20de%20Mascaras%20Multas.pdf\" target=\"_blank\" rel=\"noopener noreferrer\"><strong>decreto 114\/2020<\/strong><\/a>\u00a0tornou obrigat\u00f3rio o uso de m\u00e1scaras em Maca\u00e9, no deslocamento pelo munic\u00edpio e sua perman\u00eancia em locais p\u00fablicos, al\u00e9m de estabelecimentos privados. Desde o dia 17 de agosto passou a valer tamb\u00e9m a aplica\u00e7\u00e3o de multa em caso de descumprimento da medida, que busca contribuir para o controle do cont\u00e1gio da Covid-19. A fiscaliza\u00e7\u00e3o acontece por meio de a\u00e7\u00e3o conjunta das secretarias de Ordem P\u00fablica, Mobilidade Urbana e Fazenda, atrav\u00e9s da Coordenadoria de Posturas.<\/p>\n<p>A regulamenta\u00e7\u00e3o prev\u00ea, em caso de n\u00e3o utiliza\u00e7\u00e3o do equipamento de prote\u00e7\u00e3o individual, a aplica\u00e7\u00e3o de multa no valor de R$ 150. A abordagem da fiscaliza\u00e7\u00e3o, que acontece nos per\u00edodos da manh\u00e3, tarde e noite, consiste em orientar para que a m\u00e1scara seja utilizada. Em caso de resist\u00eancia ou de n\u00e3o estar portando a mesma, o auto de infra\u00e7\u00e3o \u00e9 lavrado por meio de registro do CPF.<\/p>\n<p><strong>Recursos e prazos<\/strong><\/p>\n<p>De acordo com a Instru\u00e7\u00e3o Normativa 01\/2020, expedida pelas secretarias de Ordem P\u00fablica e Fazenda, a partir do auto lavrado, o autuado possui 15 dias para realizar o pagamento da multa ou fazer interposi\u00e7\u00e3o de recurso. A impugna\u00e7\u00e3o deve ser solicitada por meio do\u00a0<a href=\"http:\/\/sistemas2.macae.rj.gov.br:85\/protocolo\/requisicao\/login\" target=\"_blank\" rel=\"noopener noreferrer\"><strong>protocolo online<\/strong><\/a>, no portal da\u00a0<a href=\"http:\/\/macae.rj.gov.br\/\" target=\"_blank\" rel=\"noopener noreferrer\"><strong>Prefeitura de Maca\u00e9<\/strong><\/a>.<\/p>\n<p>A listagem com os cidad\u00e3os autuados ser\u00e1 encaminhada pela Prefeitura de Maca\u00e9 ao Minist\u00e9rio P\u00fablico do Estado do Rio de Janeiro para apura\u00e7\u00e3o de responsabilidade criminal.<\/p>\n<p>Toda receita advinda das multas ser\u00e1 destinada em partes iguais a tr\u00eas institui\u00e7\u00f5es sem fins lucrativos do munic\u00edpio que atuam na assist\u00eancia de crian\u00e7as e adolescentes portadores de necessidades especiais: Sentrinho, Apae e Pestalozzi.<\/p>\n<p>O uso de m\u00e1scara profissional ou n\u00e3o profissional \u00e9 obrigat\u00f3rio nas seguintes situa\u00e7\u00f5es:<\/p>\n<p>&#8211; transporte p\u00fablico ou privado de passageiros (neste caso, o uso n\u00e3o \u00e9 obrigat\u00f3rio apenas se o condutor estiver sozinho no ve\u00edculo);<\/p>\n<p>&#8211; estabelecimentos comerciais e empresariais;<\/p>\n<p>&#8211; bens p\u00fablicos como os de uso comum, tais como: praias, lagoas, rios, estradas, ruas e pra\u00e7as; e os de uso especial, como edif\u00edcios ou terrenos destinados a servi\u00e7o ou estabelecimento da administra\u00e7\u00e3o p\u00fablica direta e\/ou indireta.<\/p>\n<p><strong>P\u00fablico isento de uso<\/strong><\/p>\n<p>Ficam isentos do uso, os autistas, portadores de quaisquer defici\u00eancias que impe\u00e7am de fazer uso adequado da m\u00e1scara facial, bem como as crian\u00e7as menores de tr\u00eas anos de idade.<\/p>\n<p>F<a href=\"http:\/\/www.macae.rj.gov.br\/noticias\/leitura\/noticia\/acao-conjunta-realiza-fiscalizacao-do-uso-obrigatorio-de-mascara\" target=\"_blank\" rel=\"noopener noreferrer\">onte: Prefeitura de Maca\u00e9<\/a><br \/>\nJornalista: Juliana Carvalho<br \/>\n<b>Foto:<\/b>\u00a0Arte<\/p>\n","protected":false},"excerpt":{"rendered":"<p>Em vigor desde a \u00faltima semana, o\u00a0decreto 114\/2020\u00a0tornou obrigat\u00f3rio o uso de m\u00e1scaras em Maca\u00e9, no deslocamento pelo munic\u00edpio e<\/p>\n","protected":false},"author":7,"featured_media":17209,"comment_status":"open","ping_status":"open","sticky":false,"template":"","format":"standard","meta":{"footnotes":""},"categories":[177],"tags":[],"class_list":["post-17208","post","type-post","status-publish","format-standard","has-post-thumbnail","hentry","category-materias"],"_links":{"self":[{"href":"https:\/\/www.azullimao.com.br\/portal\/wp-json\/wp\/v2\/posts\/17208","targetHints":{"allow":["GET"]}}],"collection":[{"href":"https:\/\/www.azullimao.com.br\/portal\/wp-json\/wp\/v2\/posts"}],"about":[{"href":"https:\/\/www.azullimao.com.br\/portal\/wp-json\/wp\/v2\/types\/post"}],"author":[{"embeddable":true,"href":"https:\/\/www.azullimao.com.br\/portal\/wp-json\/wp\/v2\/users\/7"}],"replies":[{"embeddable":true,"href":"https:\/\/www.azullimao.com.br\/portal\/wp-json\/wp\/v2\/comments?post=17208"}],"version-history":[{"count":2,"href":"https:\/\/www.azullimao.com.br\/portal\/wp-json\/wp\/v2\/posts\/17208\/revisions"}],"predecessor-version":[{"id":17211,"href":"https:\/\/www.azullimao.com.br\/portal\/wp-json\/wp\/v2\/posts\/17208\/revisions\/17211"}],"wp:featuredmedia":[{"embeddable":true,"href":"https:\/\/www.azullimao.com.br\/portal\/wp-json\/wp\/v2\/media\/17209"}],"wp:attachment":[{"href":"https:\/\/www.azullimao.com.br\/portal\/wp-json\/wp\/v2\/media?parent=17208"}],"wp:term":[{"taxonomy":"category","embeddable":true,"href":"https:\/\/www.azullimao.com.br\/portal\/wp-json\/wp\/v2\/categories?post=17208"},{"taxonomy":"post_tag","embeddable":true,"href":"https:\/\/www.azullimao.com.br\/portal\/wp-json\/wp\/v2\/tags?post=17208"}],"curies":[{"name":"wp","href":"https:\/\/api.w.org\/{rel}","templated":true}]}}