{"id":17154,"date":"2020-08-18T07:59:17","date_gmt":"2020-08-18T10:59:17","guid":{"rendered":"http:\/\/www.azullimao.com.br\/portal\/?p=17154"},"modified":"2020-08-18T08:46:23","modified_gmt":"2020-08-18T11:46:23","slug":"dia-mundial-da-fotografia-live-trata-do-tema","status":"publish","type":"post","link":"https:\/\/www.azullimao.com.br\/portal\/materias\/dia-mundial-da-fotografia-live-trata-do-tema\/","title":{"rendered":"Hoje: Live do Dia Mundial da Fotografia trata do tema para amantes dessa arte"},"content":{"rendered":"<p>Local da Live: <a href=\"http:\/\/facebook.com\/photoon.brazil\" target=\"_blank\" rel=\"noopener noreferrer\"><strong>facebook.com\\photoon.brazil<\/strong><\/a>.<br \/>\nHor\u00e1rio: 20h30<\/p>\n<p>\u201cTemos motivo para comemorar o Dia Mundial da Fotografia &#8211; celebrado na quarta-feira, 19 de agosto?\u201d. Esta pergunta ser\u00e1 feita pelo fot\u00f3grafo R\u00f4mulo Campos para cinco outros profissionais da fotografia, em live aberta para os amantes dessa arte. Ela ocorrer\u00e1 na ter\u00e7a-feira (18), \u00e0s 20h30, via\u00a0<a href=\"http:\/\/facebook.com\/photoon.brazil\" target=\"_blank\" rel=\"noopener noreferrer\"><strong>facebook.com\\photoon.brazil<\/strong><\/a>. O evento reunir\u00e1 fot\u00f3grafos renomados como L\u00edvio Campos, Rog\u00e9rio Peccioli, Alfredo Manh\u00e3es, Cl\u00e1udia Barreto e Eduardo Zavarize.<\/p>\n<p>\u201cConversaremos sobre \u00e9tica, est\u00e9tica, projetos, tecnologia, al\u00e9m de falarmos sobre o papel da fotografia no futuro diante dos smartphones\u201d, afirma o mediador do encontro, R\u00f4mulo Campos que j\u00e1 possui tr\u00eas livros publicados: \u201cLagoa de Imboassica\u201d e \u201cParque Atalaia\u201d (em parceria com a fot\u00f3grafa Cl\u00e1udia Barreto) e \u201cParque de Jurubatiba\u201d (com textos do professor universit\u00e1rio e pesquisador Chico Esteves e do historiador e ambientalista Sofiati Neto).<\/p>\n<p><strong>Toda forma de fotografar vale a pena<\/strong><\/p>\n<p>Segundo o fot\u00f3grafo L\u00edvio Campos, toda forma de fotografar vale a pena. \u201cA democratiza\u00e7\u00e3o dessa arte, que \u00e9 um espelho da vida, \u00e9 uma for\u00e7a importante para todos os fot\u00f3grafos, os quais s\u00e3o contadores de hist\u00f3ria\u201d, elucidou ele, sobre a tem\u00e1tica proposta para a live.<\/p>\n<p>L\u00edvio come\u00e7ou a fotografar fora de Maca\u00e9, onde s\u00f3 fazia fotos comerciais, para atuar em shows musicais e pe\u00e7as de teatro na cidade do Rio de Janeiro. Em 1978, deu-se a realiza\u00e7\u00e3o de sua primeira capa de disco. Esta foi com o cantor Em\u00edlio Santiago.<\/p>\n<p>\u201cDepois disso, fiz capas de disco de A a Z, de cantores que iam de Alceu Valen\u00e7a a Z\u00e9 Ramalho, passando por Caetano Veloso. Em 1992, recebi o pr\u00eamio Sharp de melhor capa do ano e, em 1993, fui premiado como melhor capa do circulador ao vivo.<\/p>\n<p><strong>Acessibilidade da fotografia atual<\/strong><\/p>\n<p>Fotografando h\u00e1 23 anos, o profissional de imagens Rog\u00e9rio Peccioli conquistou em 2019 a terceira coloca\u00e7\u00e3o no Bras\u00edlia International Photo, devido \u00e0 beleza c\u00eanica de dezenas de gar\u00e7as retornando ao seu repouso. Ele \u00e9 especialista em fotos da natureza, um documentarista renomado em Maca\u00e9 e regi\u00e3o.<\/p>\n<p>&#8211; H\u00e1 realmente motivos para comemorar o Dia Mundial da Fotografia. Anteriormente, era caro fazer revela\u00e7\u00e3o, com equipamentos complicados. Mas hoje, ocorrem facilidades com a populariza\u00e7\u00e3o dos smartphones \u2013 conta ele.<\/p>\n<p><strong>Especializa\u00e7\u00e3o em posicionamento de imagem<\/strong><\/p>\n<p>Pol\u00edticos, empreendedores, homens de neg\u00f3cio ou profissionais liberais s\u00e3o alguns que precisam de imagem digital p\u00fablica. Estes agentes, al\u00e9m de outros palestrantes, buscam os trabalhos do fot\u00f3grafo Eduardo Zavarize para a obten\u00e7\u00e3o de fotos de alto n\u00edvel, direcionadas a p\u00fablicos espec\u00edficos. \u201cO posicionamento de imagem serve para isso: levar a representa\u00e7\u00e3o de uma pessoa de sucesso para uma coletividade determinada&#8221;, conta ele.<\/p>\n<p>&#8220;Vejo que a fotografia s\u00f3 ganhou com a tecnologia. Minha filha ter\u00e1 sua inf\u00e2ncia registrada e documentada para quando for adulta com registros e mem\u00f3rias devidamente captados na fase infantil. Eu n\u00e3o disponho dessas fotos\u201d, diz.<\/p>\n<p><strong>Trabalhos antropol\u00f3gicos e sociais<\/strong><\/p>\n<p>A fot\u00f3grafa Cl\u00e1udia Barreto j\u00e1 fez a\u00e7\u00f5es fotogr\u00e1ficas junto a setores que tratam a tem\u00e1tica do c\u00e2ncer de mama e o autismo. Ou seja, clicou nas esferas antropol\u00f3gicas e sociais.<\/p>\n<p>\u201cMeu trabalho caracteriza-se por ser conceitual. Hoje em dia todo mundo tem olhar fotogr\u00e1fico: desde crian\u00e7as a adultos. Ocorre uma eficaz democratiza\u00e7\u00e3o\u201d, avalia.<\/p>\n<p><strong>Belezas naturais e paisagens<\/strong><\/p>\n<p>H\u00e1 mais de 30 anos registrando fotos em cliques que registram belezas naturais e paisagens, o fot\u00f3grafo Alfredo Manh\u00e3es afirma que: \u201cTemos motivos para comemorar o Dia Mundial da Fotografia sim. Hoje, h\u00e1 facilidades via smartphones para registrar momentos do dia a dia, de modo sensacional, significativo e democr\u00e1tico\u201d, comenta.<\/p>\n<p><a href=\"http:\/\/www.macae.rj.gov.br\/noticias\/leitura\/noticia\/dia-mundial-da-fotografia-live-trata-do-tema-para-amantes-dessa-arte\" target=\"_blank\" rel=\"noopener noreferrer\">Fonte: Prefeitura de Maca\u00e9<\/a><br \/>\nJornalista: Equipe Secom<br \/>\n<b>Foto:<\/b>\u00a0Divulga\u00e7\u00e3o<\/p>\n","protected":false},"excerpt":{"rendered":"<p>Local da Live: facebook.com\\photoon.brazil. Hor\u00e1rio: 20h30 \u201cTemos motivo para comemorar o Dia Mundial da Fotografia &#8211; celebrado na quarta-feira, 19<\/p>\n","protected":false},"author":7,"featured_media":17155,"comment_status":"open","ping_status":"open","sticky":false,"template":"","format":"standard","meta":{"footnotes":""},"categories":[177],"tags":[],"class_list":["post-17154","post","type-post","status-publish","format-standard","has-post-thumbnail","hentry","category-materias"],"_links":{"self":[{"href":"https:\/\/www.azullimao.com.br\/portal\/wp-json\/wp\/v2\/posts\/17154","targetHints":{"allow":["GET"]}}],"collection":[{"href":"https:\/\/www.azullimao.com.br\/portal\/wp-json\/wp\/v2\/posts"}],"about":[{"href":"https:\/\/www.azullimao.com.br\/portal\/wp-json\/wp\/v2\/types\/post"}],"author":[{"embeddable":true,"href":"https:\/\/www.azullimao.com.br\/portal\/wp-json\/wp\/v2\/users\/7"}],"replies":[{"embeddable":true,"href":"https:\/\/www.azullimao.com.br\/portal\/wp-json\/wp\/v2\/comments?post=17154"}],"version-history":[{"count":5,"href":"https:\/\/www.azullimao.com.br\/portal\/wp-json\/wp\/v2\/posts\/17154\/revisions"}],"predecessor-version":[{"id":17203,"href":"https:\/\/www.azullimao.com.br\/portal\/wp-json\/wp\/v2\/posts\/17154\/revisions\/17203"}],"wp:featuredmedia":[{"embeddable":true,"href":"https:\/\/www.azullimao.com.br\/portal\/wp-json\/wp\/v2\/media\/17155"}],"wp:attachment":[{"href":"https:\/\/www.azullimao.com.br\/portal\/wp-json\/wp\/v2\/media?parent=17154"}],"wp:term":[{"taxonomy":"category","embeddable":true,"href":"https:\/\/www.azullimao.com.br\/portal\/wp-json\/wp\/v2\/categories?post=17154"},{"taxonomy":"post_tag","embeddable":true,"href":"https:\/\/www.azullimao.com.br\/portal\/wp-json\/wp\/v2\/tags?post=17154"}],"curies":[{"name":"wp","href":"https:\/\/api.w.org\/{rel}","templated":true}]}}