{"id":17149,"date":"2020-08-04T12:44:46","date_gmt":"2020-08-04T15:44:46","guid":{"rendered":"http:\/\/www.azullimao.com.br\/portal\/?p=17149"},"modified":"2020-08-04T12:46:08","modified_gmt":"2020-08-04T15:46:08","slug":"cadastramento-para-emergencia-cultural-e-aberto-por-aplicativo","status":"publish","type":"post","link":"https:\/\/www.azullimao.com.br\/portal\/materias\/cadastramento-para-emergencia-cultural-e-aberto-por-aplicativo\/","title":{"rendered":"Cadastramento para Emerg\u00eancia Cultural \u00e9 aberto por aplicativo"},"content":{"rendered":"<p>A Prefeitura de Maca\u00e9, por meio da Secretaria de Cultura, abriu o cadastramento para artistas, t\u00e9cnicos e espa\u00e7os de cultura terem acesso aos benef\u00edcios da Lei Federal de Emerg\u00eancia Cultural Aldir Blanc (14.017\/20), nesta segunda-feira (3). O processo se d\u00e1 por preenchimento de formul\u00e1rio dispon\u00edvel no aplicativo para celulares \u201cMaca\u00e9 APP\u201d. O prazo para o cadastramento \u00e9 at\u00e9 o dia 17.<\/p>\n<p>A secretaria esclarece d\u00favidas sobre a lei pelo telefone (22) 2759-5049 e ainda pelo Whatsapp (22)99826-6714. O servi\u00e7o ser\u00e1 oferecido de segunda a sexta-feira, das 8h30 \u00e0s 16h30. Al\u00e9m disso, para contribuir com os benefici\u00e1rios, est\u00e1 dispon\u00edvel em\u00a0<a href=\"http:\/\/www.macae.rj.gov.br\/\" target=\"_blank\" rel=\"noopener noreferrer\">www.macae.rj.gov.br<\/a>, uma\u00a0<strong><a href=\"http:\/\/macae.rj.gov.br\/midia\/uploads\/Cartilha%20da%20Lei%20Aldir%20Blanc.pdf\" target=\"_blank\" rel=\"noopener noreferrer\">cartilha explicativa<\/a><\/strong>\u00a0sobre a Lei Federal de Emerg\u00eancia Cultural Aldir Blanc.<\/p>\n<p>Para baixar o aplicativo \u201cMaca\u00e9 APP\u201d em celulares com dispositivos Apple, basta acessar\u00a0<a href=\"https:\/\/applink.com.br\/macaeapp\" target=\"_blank\" rel=\"noopener noreferrer\">https:\/\/applink.com.br\/macaeapp<\/a>. \u00c9 recomendado salvar o \u201cMaca\u00e9 APP\u201d na tela inicial do seu celular. J\u00e1 para dispositivos Android, primeiro se busca por &#8220;Maca\u00e9 APP&#8221; no Google Play e, em seguida, basta baixar o aplicativo.<\/p>\n<p>A Lei de Emerg\u00eancia Cultural Aldir Blanc surgiu com o objetivo de ajudar os trabalhadores da Cultura e os espa\u00e7os culturais brasileiros, nesse per\u00edodo de isolamento social ocasionado pela pandemia da Covid-19. A ajuda, prevista pela Lei Federal, varia de R$ 3 mil a R$ 10 mil para espa\u00e7os culturais. J\u00e1 para trabalhadores informais no setor cultural, a lei prev\u00ea uma complementa\u00e7\u00e3o mensal de renda de R$ 600, em tr\u00eas parcelas.<\/p>\n<p>Os espa\u00e7os culturais que receberem o aux\u00edlio dever\u00e3o, em contrapartida, ap\u00f3s a reabertura, realizar atividades para alunos de escolas p\u00fablicas gratuitamente, ou promover atividades em espa\u00e7os p\u00fablicos, tamb\u00e9m de forma gratuita.<\/p>\n<p>A lei estabelece como espa\u00e7os culturais aqueles que sejam dedicados a realizar atividades art\u00edsticas e culturais e que sejam organizados e mantidos por pessoas, organiza\u00e7\u00f5es da sociedade civil, empresas culturais e organiza\u00e7\u00f5es culturais comunit\u00e1rias, al\u00e9m de cooperativas com finalidade cultural e tamb\u00e9m institui\u00e7\u00f5es culturais, com ou sem fins lucrativos. Entretanto, as empresas precisam comprovar cadastro municipal, estadual, distrital ou de pontos de cultura. O recurso advindo da Lei tamb\u00e9m poder\u00e1 ser usado para editais, chamadas p\u00fablicas, pr\u00eamios, aquisi\u00e7\u00e3o de bens e servi\u00e7os vinculados ao setor cultural.<\/p>\n<p>Tamb\u00e9m poder\u00e3o receber aux\u00edlio, os trabalhadores com atua\u00e7\u00e3o no setor cultural nos \u00faltimos dois anos, que n\u00e3o tenham v\u00ednculo formal de emprego e n\u00e3o tenham recebido o aux\u00edlio emergencial federal ou outros benef\u00edcios previdenci\u00e1rios ou assistenciais, seguro-desemprego ou valores de programas de transfer\u00eancia de renda federal, com exce\u00e7\u00e3o do Bolsa Fam\u00edlia. Al\u00e9m disso, n\u00e3o pode ter recebido, em 2018, rendimentos tribut\u00e1veis acima de R$ 28.559,70.<\/p>\n<p><strong>N\u00e3o podem receber<\/strong><\/p>\n<p>A Lei n\u00e3o d\u00e1 direito ao benef\u00edcio \u00e0queles que t\u00eam emprego formal ativo ou que s\u00e3o titulares de benef\u00edcio previdenci\u00e1rio. O mesmo vale para os benefici\u00e1rios do seguro-desemprego e para quem j\u00e1 recebe o aux\u00edlio emergencial pago a trabalhadores informais.<\/p>\n<p><a href=\"http:\/\/www.macae.rj.gov.br\/noticias\/leitura\/noticia\/cadastramento-para-emergencia-cultural-e-aberto-por-aplicativo\" target=\"_blank\" rel=\"noopener noreferrer\"><strong>Fonte: prefeitura de Maca\u00e9<\/strong><\/a><br \/>\nJornalista: Andr\u00e9a Lisboa<br \/>\n<b>Foto:<\/b>\u00a0Divulga\u00e7\u00e3o<\/p>\n","protected":false},"excerpt":{"rendered":"<p>A Prefeitura de Maca\u00e9, por meio da Secretaria de Cultura, abriu o cadastramento para artistas, t\u00e9cnicos e espa\u00e7os de cultura<\/p>\n","protected":false},"author":7,"featured_media":17150,"comment_status":"open","ping_status":"open","sticky":false,"template":"","format":"standard","meta":{"footnotes":""},"categories":[177],"tags":[],"class_list":["post-17149","post","type-post","status-publish","format-standard","has-post-thumbnail","hentry","category-materias"],"_links":{"self":[{"href":"https:\/\/www.azullimao.com.br\/portal\/wp-json\/wp\/v2\/posts\/17149","targetHints":{"allow":["GET"]}}],"collection":[{"href":"https:\/\/www.azullimao.com.br\/portal\/wp-json\/wp\/v2\/posts"}],"about":[{"href":"https:\/\/www.azullimao.com.br\/portal\/wp-json\/wp\/v2\/types\/post"}],"author":[{"embeddable":true,"href":"https:\/\/www.azullimao.com.br\/portal\/wp-json\/wp\/v2\/users\/7"}],"replies":[{"embeddable":true,"href":"https:\/\/www.azullimao.com.br\/portal\/wp-json\/wp\/v2\/comments?post=17149"}],"version-history":[{"count":3,"href":"https:\/\/www.azullimao.com.br\/portal\/wp-json\/wp\/v2\/posts\/17149\/revisions"}],"predecessor-version":[{"id":17153,"href":"https:\/\/www.azullimao.com.br\/portal\/wp-json\/wp\/v2\/posts\/17149\/revisions\/17153"}],"wp:featuredmedia":[{"embeddable":true,"href":"https:\/\/www.azullimao.com.br\/portal\/wp-json\/wp\/v2\/media\/17150"}],"wp:attachment":[{"href":"https:\/\/www.azullimao.com.br\/portal\/wp-json\/wp\/v2\/media?parent=17149"}],"wp:term":[{"taxonomy":"category","embeddable":true,"href":"https:\/\/www.azullimao.com.br\/portal\/wp-json\/wp\/v2\/categories?post=17149"},{"taxonomy":"post_tag","embeddable":true,"href":"https:\/\/www.azullimao.com.br\/portal\/wp-json\/wp\/v2\/tags?post=17149"}],"curies":[{"name":"wp","href":"https:\/\/api.w.org\/{rel}","templated":true}]}}