{"id":17053,"date":"2020-06-30T10:50:16","date_gmt":"2020-06-30T13:50:16","guid":{"rendered":"http:\/\/www.azullimao.com.br\/portal\/?p=17053"},"modified":"2020-06-30T10:50:16","modified_gmt":"2020-06-30T13:50:16","slug":"colegio-atlantico-primeiro-lugar-no-enem-em-macae-regiao-norte-e-noroeste-fluminense-e-regiao-dos-lagos","status":"publish","type":"post","link":"https:\/\/www.azullimao.com.br\/portal\/materias\/colegio-atlantico-primeiro-lugar-no-enem-em-macae-regiao-norte-e-noroeste-fluminense-e-regiao-dos-lagos\/","title":{"rendered":"Col\u00e9gio Atl\u00e2ntico: primeiro lugar no ENEM em Maca\u00e9, Regi\u00e3o Norte e Noroeste Fluminense e Regi\u00e3o dos Lagos"},"content":{"rendered":"<p>O Col\u00e9gio Atl\u00e2ntico conquistou o primeiro lugar de Maca\u00e9, Regi\u00e3o Norte e Noroeste Fluminense e Regi\u00e3o dos Lagos, na nota geral do Exame Nacional do Ensino M\u00e9dio (Enem) e em todas as \u00e1reas (Linguagens, Matem\u00e1tica, Ci\u00eancias humanas, Ci\u00eancias da natureza e Reda\u00e7\u00e3o), primeiro colocado em todas as disciplinas (reda\u00e7\u00e3o , matem\u00e1tica , f\u00edsica, qu\u00edmica, biologia , hist\u00f3ria , geografia, sociologia\/filosofia , portugu\u00eas , ingles\/espanhol, artes e atualidades ) conforme resultado do Enem de 2019 divulgado pelo Instituto Nacional de Estudos e Pesquisas Educacionais An\u00edsio Teixeira (Inep), do Minist\u00e9rio da Educa\u00e7\u00e3o (MEC), na \u00faltima sexta-feira (26).<br \/>\nO Col\u00e9gio teve nota espetacular em reda\u00e7\u00e3o 860 pontos, uma das maiores notas do Brasil , nota 715,21 em Matem\u00e1tica, 619,74 em Ci\u00eancias humanas (Hist\u00f3ria, Geografia, Filosofia, Sociologia). Em Ci\u00eancias da natureza (Biologia, F\u00edsica e Qu\u00edmica) a nota foi 599,96. J\u00e1 Linguagens (Portugu\u00eas, Literatura, e L\u00edngua estrangeira) o resultado foi 607,26. A m\u00e9dia geral foi de 680,43. O Col\u00e9gio est\u00e1 em 38\u00ba lugar entre as escolas no estado do Rj, d\u00e9cima coloca\u00e7\u00e3o em todo interior do estado (tirando a capital) e em 196\u00ba lugar no Brasil.<br \/>\nA excelente nota de 860 em Reda\u00e7\u00e3o foi a maior nota de todos esses anos na cidade de Maca\u00e9, na Regi\u00e3o Norte Noroeste Fluminense e na Regi\u00e3o dos Lagos. Pelo quinto ano o Col\u00e9gio conquista o primeiro lugar em Reda\u00e7\u00e3o (2014, 2015, 2016, 2017 e 2019). A mudan\u00e7a na grade fazendo com que os alunos tivessem aula espec\u00edfica de reda\u00e7\u00e3o desde o ensino fundamental 1, e no 3 ano do ensino m\u00e9dio ter tr\u00eas tempos de reda\u00e7\u00e3o contribuiu para o resultado, as disciplinas de habilidade (projeto Augusto Cury) tamb\u00e9m contribuiu, junto com as disciplinas de sociologia\/filosofia.<br \/>\nMatem\u00e1tica foi a maior nota no Enem desde 2016. De acordo com a dire\u00e7\u00e3o, o resultado foi devido aos alunos terem cinco tempos de matem\u00e1tica em todos os anos do ensino fundamental 2, e seis tempos de matem\u00e1tica em todos os anos do ensino m\u00e9dio, sendo que um desses tempos do m\u00e9dio \u00e9 racioc\u00ednio l\u00f3gico e olimp\u00edadas, o que ajuda muito ao aluno a fazer as quest\u00f5es do Enem pois muitas delas envolvem racioc\u00ednio l\u00f3gico.<br \/>\nPara os professores, a nota em Ci\u00eancias da Natureza foi conquistada porque os alunos possuem aula de Biologia, F\u00edsica e Qu\u00edmica com a utiliza\u00e7\u00e3o do laborat\u00f3rio, desde o sexto ano do ensino fundamental, o que \u00e9 um diferencial, pois nas outras escolas essas disciplinas s\u00e3o dadas a partir do 9 ano, antes disso elas s\u00e3o compactas na grade de Ci\u00eancias.<br \/>\nOutro bom resultado foi a nota de Ci\u00eancias Humanas, cuja disciplina de Filosofia \u00e9 oferecida desde o 6 ano do ensino fundamental 2 at\u00e9 o 3 ano do Ensino M\u00e9dio. Al\u00e9m disso, Sociologia e Atualidades s\u00e3o ministradas em todas os anos do Ensino M\u00e9dio. Segundo os coordenadores, a disciplina Atualidades contribui muito com a nota de Ci\u00eancias Humanas e Reda\u00e7\u00e3o, pois s\u00e3o discutidos os temas vivenciados na atualidade.<br \/>\nCriado para avaliar o desempenho dos estudantes no final da educa\u00e7\u00e3o b\u00e1sica, o Exame Nacional do Ensino M\u00e9dio (Enem) foi reformulado com o passar do tempo e hoje \u00e9 uma importante ferramenta de sele\u00e7\u00e3o usada pelas universidades p\u00fablicas e particulares. Do Enem derivam alguns programas de bolsas e financiamento estudantil para universit\u00e1rios. Boa parte das institui\u00e7\u00f5es de ensino superior usam o Enem como uma forma de sele\u00e7\u00e3o ou como uma parte do vestibular. Por isso ser a melhor coloca\u00e7\u00e3o entre as escolas da Regi\u00e3o Norte Noroeste Fluminense e da Regi\u00e3o dos Lagos \u00e9 t\u00e3o importante.<br \/>\n&#8220;Atribu\u00edmos esse resultado excelente ao empenho dos nossos alunos e a maravilhosa equipe de funcion\u00e1rios do col\u00e9gio, tanto aos professores que se empenham muito em auxiliar os alunos quanto aos outros funcion\u00e1rios da escola, que tamb\u00e9m s\u00e3o muito importantes para o nosso sucesso. Grande parte dos alunos desta turma de 2019, estudam no Col\u00e9gio Atl\u00e2ntico h\u00e1 muitos anos, ou seja, esse resultado vem de uma constru\u00e7\u00e3o do trabalho de excel\u00eancia&#8221;, disse a dire\u00e7\u00e3o.<br \/>\nO Col\u00e9gio Atl\u00e2ntico foi implantado em 2013 e hoje possui tr\u00eas unidades em Maca\u00e9 atendendo desde os quatro meses de nascido at\u00e9 o pr\u00e9 vestibular. Sempre inovando, no ano passado lan\u00e7ou a Escola da Intelig\u00eancia do Dr. Augusto Cury, com a disciplina Habilidade para vida, que cuida da Educa\u00e7\u00e3o Socioemocional dos alunos, um programa educacional pautado em desenvolver a educa\u00e7\u00e3o socioemocional no ambiente escolar. A dire\u00e7\u00e3o acredita que isso tamb\u00e9m contribuiu para o resultado na nota no Enem de Reda\u00e7\u00e3o e Ci\u00eancias Humanas.<br \/>\nEm 2018, o Col\u00e9gio prosseguiu inovando sua grade com a cria\u00e7\u00e3o de novas disciplinas ligadas ao lado emocional, cognitivo e inovador: Habilidade de vida, medita\u00e7\u00e3o, racioc\u00ednio l\u00f3gico, xadrez, empreendedorismo, rob\u00f3tica, leitura, sociologia e filosofia.<br \/>\nA metodologia de ensino \u00e9 um dos diferenciais. Com 98% de aprova\u00e7\u00e3o no Enem, o col\u00e9gio utiliza o sistema Etapa, metodologia que funciona em espiral crescente, ou seja, os conceitos apresentados s\u00e3o constantemente retrabalhados e ampliados, permitindo ao aluno acompanhar os conte\u00fados de forma comparada e gradativa para uma melhor fixa\u00e7\u00e3o. \u00c9 um sistema que usa oito apostilas. Todas as apostilas est\u00e3o dispon\u00edveis para tablets, celulares, e computadores. Os alunos do fundamental I fazem duas provas semanais, j\u00e1 os do fundamental II e m\u00e9dio fazem tr\u00eas provas por semana. O Col\u00e9gio Atl\u00e2ntico conta com professores altamente qualificados e treinados pelo Sistema Etapa. A proposta de trabalho do Col\u00e9gio Atl\u00e2ntico \u00e9 se tornar refer\u00eancia no ensino e na aprova\u00e7\u00e3o dos vestibulares no estado do RJ.<br \/>\nN\u00e3o podemos deixar de destacar o projeto bil\u00edngue que usa o m\u00e9todo edify, da cultura inglesa, com isso os alunos tem a op\u00e7\u00e3o de ficar o dia todo na escola.<br \/>\n<strong>O Col\u00e9gio Atl\u00e2ntico tem sua sede principal na \u202aRua Aristeu Ferreira da Silva, 1571, Novo Cavaleiros \u202a022- 27732849.<\/p>\n<p><\/strong>Fonte: Ass. Imprensa Col\u00e9gio Atl\u00e2ntico<\/p>\n","protected":false},"excerpt":{"rendered":"<p>O Col\u00e9gio Atl\u00e2ntico conquistou o primeiro lugar de Maca\u00e9, Regi\u00e3o Norte e Noroeste Fluminense e Regi\u00e3o dos Lagos, na nota<\/p>\n","protected":false},"author":7,"featured_media":17054,"comment_status":"open","ping_status":"open","sticky":false,"template":"","format":"standard","meta":{"footnotes":""},"categories":[177],"tags":[423,2196,288],"class_list":["post-17053","post","type-post","status-publish","format-standard","has-post-thumbnail","hentry","category-materias","tag-colegio-atlantico","tag-enem","tag-macae"],"_links":{"self":[{"href":"https:\/\/www.azullimao.com.br\/portal\/wp-json\/wp\/v2\/posts\/17053","targetHints":{"allow":["GET"]}}],"collection":[{"href":"https:\/\/www.azullimao.com.br\/portal\/wp-json\/wp\/v2\/posts"}],"about":[{"href":"https:\/\/www.azullimao.com.br\/portal\/wp-json\/wp\/v2\/types\/post"}],"author":[{"embeddable":true,"href":"https:\/\/www.azullimao.com.br\/portal\/wp-json\/wp\/v2\/users\/7"}],"replies":[{"embeddable":true,"href":"https:\/\/www.azullimao.com.br\/portal\/wp-json\/wp\/v2\/comments?post=17053"}],"version-history":[{"count":2,"href":"https:\/\/www.azullimao.com.br\/portal\/wp-json\/wp\/v2\/posts\/17053\/revisions"}],"predecessor-version":[{"id":17056,"href":"https:\/\/www.azullimao.com.br\/portal\/wp-json\/wp\/v2\/posts\/17053\/revisions\/17056"}],"wp:featuredmedia":[{"embeddable":true,"href":"https:\/\/www.azullimao.com.br\/portal\/wp-json\/wp\/v2\/media\/17054"}],"wp:attachment":[{"href":"https:\/\/www.azullimao.com.br\/portal\/wp-json\/wp\/v2\/media?parent=17053"}],"wp:term":[{"taxonomy":"category","embeddable":true,"href":"https:\/\/www.azullimao.com.br\/portal\/wp-json\/wp\/v2\/categories?post=17053"},{"taxonomy":"post_tag","embeddable":true,"href":"https:\/\/www.azullimao.com.br\/portal\/wp-json\/wp\/v2\/tags?post=17053"}],"curies":[{"name":"wp","href":"https:\/\/api.w.org\/{rel}","templated":true}]}}