{"id":17028,"date":"2020-06-26T10:05:36","date_gmt":"2020-06-26T13:05:36","guid":{"rendered":"http:\/\/www.azullimao.com.br\/portal\/?p=17028"},"modified":"2020-07-02T15:32:50","modified_gmt":"2020-07-02T18:32:50","slug":"aseb-inaugura-primeiras-opcoes-comerciais-no","status":"publish","type":"post","link":"https:\/\/www.azullimao.com.br\/portal\/materias\/aseb-inaugura-primeiras-opcoes-comerciais-no\/","title":{"rendered":"ASeB inaugura primeiras op\u00e7\u00f5es comerciais no Aeroporto de Maca\u00e9"},"content":{"rendered":"<p style=\"font-weight: 400;\">Com apenas seis meses de opera\u00e7\u00f5es, a ASeB inaugurou nesta segunda-feira (22) os primeiros estabelecimentos comerciais no ramo de alimenta\u00e7\u00e3o e bebidas no Aeroporto de Maca\u00e9, em mais de 20 anos sem uma op\u00e7\u00e3o constante desse servi\u00e7o para o p\u00fablico.<\/p>\n<p style=\"font-weight: 400;\">A concessionaria est\u00e1 sempre atenta a proporcionar uma experi\u00eancia completa aos passageiros que embarcam e desembarcam no terminal e por isso buscou parcerias que pudessem ofertar um servi\u00e7o de qualidade ao seus clientes e hoje anuncia suas primeiras parcerias: a Champion Caf\u00e9 e Bistr\u00f4 e a sorveteria Frutos de Goi\u00e1s.<\/p>\n<p style=\"font-weight: 400;\">As inaugura\u00e7\u00f5es contaram com a participa\u00e7\u00e3o do CEO da Zurich na Am\u00e9rica Latina, Tobias Market e o CEO da Aeroportos do Sudeste do Brasil (ASeB), Matthias Poeter.<\/p>\n<p style=\"font-weight: 400;\">O diretor da ASeB, Matthias Poeter refor\u00e7ou a import\u00e2ncia desse avan\u00e7o para a regi\u00e3o e destacou que a nova oferta ao p\u00fablico \u00e9 um marco na hist\u00f3ria do Aeroporto de Maca\u00e9. \u201cEstamos muito felizes em poder ofertar aos passageiros as primeiras op\u00e7\u00f5es de qualidade no ramo de alimenta\u00e7\u00e3o. Acreditamos no potencial do aeroporto e trabalharemos constantemente para cada vez mais condi\u00e7\u00f5es para uma experiencia agrad\u00e1vel\u201d, afirmou o diretor.<\/p>\n<p style=\"font-weight: 400;\">A Champion Caf\u00e9 e Bistr\u00f4, \u00e9 uma cafeteria conhecida dos macaenses, h\u00e1 mais de dois anos no mercado no bairro Cavaleiros. Agora, com a nova unidade no terminal aeroportu\u00e1rio, promete oferecer produtos de qualidade aos passageiros que passarem por l\u00e1, sempre com op\u00e7\u00f5es frescas e saborosas.<\/p>\n<p style=\"font-weight: 400;\">Para ofertar op\u00e7\u00f5es de picol\u00e9s, sorvete e a\u00e7a\u00ed compostos de 90% de fruta, a sorveteria Frutos de Goi\u00e1s desembarca no aeroporto para refrescar quem passar por l\u00e1 e promete agradar todos os p\u00fablicos.<\/p>\n<p>Fonte: Ass. de Imprensa da<br \/>\n<img loading=\"lazy\" decoding=\"async\" class=\"alignnone size-medium wp-image-16917\" src=\"https:\/\/www.azullimao.com.br\/portal\/wp-content\/uploads\/2020\/06\/unnamed-1-300x97.png\" sizes=\"auto, (max-width: 300px) 100vw, 300px\" srcset=\"https:\/\/www.azullimao.com.br\/portal\/wp-content\/uploads\/2020\/06\/unnamed-1-300x97.png 300w, https:\/\/www.azullimao.com.br\/portal\/wp-content\/uploads\/2020\/06\/unnamed-1.png 408w\" alt=\"\" width=\"300\" height=\"97\" \/><\/p>\n","protected":false},"excerpt":{"rendered":"<p>Com apenas seis meses de opera\u00e7\u00f5es, a ASeB inaugurou nesta segunda-feira (22) os primeiros estabelecimentos comerciais no ramo de alimenta\u00e7\u00e3o<\/p>\n","protected":false},"author":7,"featured_media":17040,"comment_status":"open","ping_status":"open","sticky":false,"template":"","format":"standard","meta":{"footnotes":""},"categories":[177],"tags":[],"class_list":["post-17028","post","type-post","status-publish","format-standard","has-post-thumbnail","hentry","category-materias"],"_links":{"self":[{"href":"https:\/\/www.azullimao.com.br\/portal\/wp-json\/wp\/v2\/posts\/17028","targetHints":{"allow":["GET"]}}],"collection":[{"href":"https:\/\/www.azullimao.com.br\/portal\/wp-json\/wp\/v2\/posts"}],"about":[{"href":"https:\/\/www.azullimao.com.br\/portal\/wp-json\/wp\/v2\/types\/post"}],"author":[{"embeddable":true,"href":"https:\/\/www.azullimao.com.br\/portal\/wp-json\/wp\/v2\/users\/7"}],"replies":[{"embeddable":true,"href":"https:\/\/www.azullimao.com.br\/portal\/wp-json\/wp\/v2\/comments?post=17028"}],"version-history":[{"count":5,"href":"https:\/\/www.azullimao.com.br\/portal\/wp-json\/wp\/v2\/posts\/17028\/revisions"}],"predecessor-version":[{"id":17060,"href":"https:\/\/www.azullimao.com.br\/portal\/wp-json\/wp\/v2\/posts\/17028\/revisions\/17060"}],"wp:featuredmedia":[{"embeddable":true,"href":"https:\/\/www.azullimao.com.br\/portal\/wp-json\/wp\/v2\/media\/17040"}],"wp:attachment":[{"href":"https:\/\/www.azullimao.com.br\/portal\/wp-json\/wp\/v2\/media?parent=17028"}],"wp:term":[{"taxonomy":"category","embeddable":true,"href":"https:\/\/www.azullimao.com.br\/portal\/wp-json\/wp\/v2\/categories?post=17028"},{"taxonomy":"post_tag","embeddable":true,"href":"https:\/\/www.azullimao.com.br\/portal\/wp-json\/wp\/v2\/tags?post=17028"}],"curies":[{"name":"wp","href":"https:\/\/api.w.org\/{rel}","templated":true}]}}