{"id":17024,"date":"2020-06-22T09:47:32","date_gmt":"2020-06-22T12:47:32","guid":{"rendered":"http:\/\/www.azullimao.com.br\/portal\/?p=17024"},"modified":"2020-06-22T09:47:53","modified_gmt":"2020-06-22T12:47:53","slug":"covid-19-parceria-com-instituto-dor-libera-aplicativo-para-autoavaliacao-em-macae","status":"publish","type":"post","link":"https:\/\/www.azullimao.com.br\/portal\/colunas\/renato-martins\/covid-19-parceria-com-instituto-dor-libera-aplicativo-para-autoavaliacao-em-macae\/","title":{"rendered":"Covid-19: parceria com Instituto D&#8217;Or libera aplicativo para autoavalia\u00e7\u00e3o em Maca\u00e9"},"content":{"rendered":"<p>A Prefeitura de Maca\u00e9 acaba de adotar mais uma medida importante no combate ao coronav\u00edrus. Atrav\u00e9s de a\u00e7\u00e3o de coopera\u00e7\u00e3o t\u00e9cnica com o Instituto D`Or de Pesquisa e Ensino, disponibiliza o aplicativo &#8220;Dados do Bem&#8221; visando a amplia\u00e7\u00e3o de testagem para Covid-19. A iniciativa combina intelig\u00eancia epidemiol\u00f3gica e big data para acompanhamento, em tempo real, da distribui\u00e7\u00e3o da epidemia do coronav\u00edrus na cidade. Os resultados do mapeamento v\u00e3o auxiliar o gestor na tomada de decis\u00f5es em rela\u00e7\u00e3o ao enfrentamento da pandemia.<\/p>\n<p>O \u201cDados do Bem\u201d \u00e9 um aplicativo gratuito dispon\u00edvel para Android e iOS. N\u00e3o faz um diagn\u00f3stico, mas uma avalia\u00e7\u00e3o de sinais cl\u00ednicos e epidemiol\u00f3gicos. O usu\u00e1rio preenche um cadastro e responde um question\u00e1rio simples de autoavalia\u00e7\u00e3o, com perguntas sobre sintomas associados \u00e0 Covid-19 e hist\u00f3rico de sa\u00fade. As informa\u00e7\u00f5es ser\u00e3o analisadas e se houver indica\u00e7\u00e3o de testagem, a pessoa poder\u00e1 ser selecionada por um algoritmo e, atrav\u00e9s do app, receber\u00e1 um QR Code com data e hora para comparecer ao Centro de Especialidades Dona Alba. \u00c9 importante lembrar que &#8220;Dados do Bem&#8221; n\u00e3o realiza testagem em massa, apenas uma amostragem das pessoas que ser\u00e3o selecionadas. O per\u00edodo de a\u00e7\u00e3o do App em Maca\u00e9 ser\u00e1 de 25 de junho a 24 de julho.<\/p>\n<p>Todos que baixarem o aplicativo e fizerem a autoavalia\u00e7\u00e3o estar\u00e3o ajudando nesse esfor\u00e7o coletivo de mapeamento da evolu\u00e7\u00e3o da epidemia, ainda que n\u00e3o sejam direcionados para fazerem testes presenciais. Como \u00e9 praxe em investiga\u00e7\u00f5es cient\u00edficas, o anonimato de todos os participantes \u00e9 preservado e as informa\u00e7\u00f5es coletadas n\u00e3o ser\u00e3o utilizadas para fins lucrativos. Ao baixar o aplicativo, a pessoa concorda com o envolvimento volunt\u00e1rio no estudo.<\/p>\n<p>Para baixar o aplicativo basta acessar sua loja de aplicativos do telefone celular e procurar Dados do Bem. O aplicativo pode ser instalado em qualquer aparelho que comporte sistema operacional Android (a partir do 4.3) ou iOS (8 ou mais).<\/p>\n<p>Baixe aqui o app:<\/p>\n<p><a href=\"https:\/\/play.google.com\/store\/apps\/details?id=com.brazil.corona_brazil_check\" target=\"_blank\" rel=\"noopener noreferrer\"><strong>Na Play Store, para sistemas Android<\/strong><\/a>.<\/p>\n<p><a href=\"https:\/\/apps.apple.com\/br\/app\/dados-do-bem\/id1507735767\" target=\"_blank\" rel=\"noopener noreferrer\"><strong>Na App Store, para sistemas iOS<\/strong><\/a>.<br \/>\n<img loading=\"lazy\" decoding=\"async\" class=\"alignnone wp-image-17025 size-large\" src=\"https:\/\/www.azullimao.com.br\/portal\/wp-content\/uploads\/2020\/06\/2post-dados-do-bem-1024x1024.jpg\" alt=\"\" width=\"800\" height=\"800\" srcset=\"https:\/\/www.azullimao.com.br\/portal\/wp-content\/uploads\/2020\/06\/2post-dados-do-bem-1024x1024.jpg 1024w, https:\/\/www.azullimao.com.br\/portal\/wp-content\/uploads\/2020\/06\/2post-dados-do-bem-300x300.jpg 300w, https:\/\/www.azullimao.com.br\/portal\/wp-content\/uploads\/2020\/06\/2post-dados-do-bem-150x150.jpg 150w, https:\/\/www.azullimao.com.br\/portal\/wp-content\/uploads\/2020\/06\/2post-dados-do-bem-768x768.jpg 768w, https:\/\/www.azullimao.com.br\/portal\/wp-content\/uploads\/2020\/06\/2post-dados-do-bem.jpg 1146w\" sizes=\"auto, (max-width: 800px) 100vw, 800px\" \/><\/p>\n<p><a href=\"http:\/\/www.macae.rj.gov.br\/noticias\/leitura\/noticia\/covid-19-parceria-com-instituto-dor-libera-aplicativo-para-autoavaliacao-em-macae\" target=\"_blank\" rel=\"noopener noreferrer\">Fonte: Prefeitura de Maca\u00e9<\/a><br \/>\nJornalista: Genimarta de Oliveira<\/p>\n","protected":false},"excerpt":{"rendered":"<p>A Prefeitura de Maca\u00e9 acaba de adotar mais uma medida importante no combate ao coronav\u00edrus. Atrav\u00e9s de a\u00e7\u00e3o de coopera\u00e7\u00e3o<\/p>\n","protected":false},"author":7,"featured_media":17027,"comment_status":"open","ping_status":"open","sticky":false,"template":"","format":"standard","meta":{"footnotes":""},"categories":[192,166,173],"tags":[],"class_list":["post-17024","post","type-post","status-publish","format-standard","has-post-thumbnail","hentry","category-colunas","category-renato-martins","category-tecnologia"],"_links":{"self":[{"href":"https:\/\/www.azullimao.com.br\/portal\/wp-json\/wp\/v2\/posts\/17024","targetHints":{"allow":["GET"]}}],"collection":[{"href":"https:\/\/www.azullimao.com.br\/portal\/wp-json\/wp\/v2\/posts"}],"about":[{"href":"https:\/\/www.azullimao.com.br\/portal\/wp-json\/wp\/v2\/types\/post"}],"author":[{"embeddable":true,"href":"https:\/\/www.azullimao.com.br\/portal\/wp-json\/wp\/v2\/users\/7"}],"replies":[{"embeddable":true,"href":"https:\/\/www.azullimao.com.br\/portal\/wp-json\/wp\/v2\/comments?post=17024"}],"version-history":[{"count":1,"href":"https:\/\/www.azullimao.com.br\/portal\/wp-json\/wp\/v2\/posts\/17024\/revisions"}],"predecessor-version":[{"id":17026,"href":"https:\/\/www.azullimao.com.br\/portal\/wp-json\/wp\/v2\/posts\/17024\/revisions\/17026"}],"wp:featuredmedia":[{"embeddable":true,"href":"https:\/\/www.azullimao.com.br\/portal\/wp-json\/wp\/v2\/media\/17027"}],"wp:attachment":[{"href":"https:\/\/www.azullimao.com.br\/portal\/wp-json\/wp\/v2\/media?parent=17024"}],"wp:term":[{"taxonomy":"category","embeddable":true,"href":"https:\/\/www.azullimao.com.br\/portal\/wp-json\/wp\/v2\/categories?post=17024"},{"taxonomy":"post_tag","embeddable":true,"href":"https:\/\/www.azullimao.com.br\/portal\/wp-json\/wp\/v2\/tags?post=17024"}],"curies":[{"name":"wp","href":"https:\/\/api.w.org\/{rel}","templated":true}]}}