{"id":16744,"date":"2020-05-11T19:51:44","date_gmt":"2020-05-11T22:51:44","guid":{"rendered":"http:\/\/www.azullimao.com.br\/portal\/?p=16744"},"modified":"2020-05-11T19:52:25","modified_gmt":"2020-05-11T22:52:25","slug":"educacao-inicia-semana-com-novidades","status":"publish","type":"post","link":"https:\/\/www.azullimao.com.br\/portal\/materias\/educacao-inicia-semana-com-novidades\/","title":{"rendered":"Educa\u00e7\u00e3o Mun. de Maca\u00e9 inicia semana com novidades no blog"},"content":{"rendered":"<p>A partir desta semana, a Superintend\u00eancia de Ensino Fundamental da Educa\u00e7\u00e3o vai disponibilizar uma autoavalia\u00e7\u00e3o com o objetivo de conhecer avan\u00e7os, desafios e pontos que podem ser modificados para o replanejamento de a\u00e7\u00f5es futuras das atividades que est\u00e3o sendo disponibilizadas atrav\u00e9s do ensino \u00e0 dist\u00e2ncia. Alunos do 1\u00ba ao 9\u00ba ano e Ensino M\u00e9dio das escolas municipais est\u00e3o tendo acesso a uma nova grade de conte\u00fados pedag\u00f3gicos no blog <strong><u><a href=\"http:\/\/educacaonaopara.com\/\">www.educacaonaopara.com<\/a><\/u><\/strong>, em fun\u00e7\u00e3o do per\u00edodo de quarentena por conta do COVID-19. A integra\u00e7\u00e3o da fam\u00edlia e empenho dos educadores s\u00e3o as principais apostas da educa\u00e7\u00e3o \u00e0 dist\u00e2ncia.<\/p>\n<p>A dica para estudantes, pais e respons\u00e1veis \u00e9 que as atividades oferecidas no blog n\u00e3o sejam realizadas todas de um \u00fanica vez, mas diariamente e, de prefer\u00eancia, no caderno. Outra recomenda\u00e7\u00e3o da Secretaria de Educa\u00e7\u00e3o \u00e9 que o aluno realize uma pequena pesquisa sobre o assunto abordado. Todos os conte\u00fados seguem o Caderno de Orienta\u00e7\u00e3o Curricular (Coc) e a Base Nacional Comum Curricular (BNCC).<\/p>\n<p>No blog s\u00e3o destacados conte\u00fados espec\u00edficos das disciplinas, v\u00eddeos, provas, textos, simulados, indica\u00e7\u00f5es de leitura e exerc\u00edcios preparados pelos professores da rede municipal. Os alunos tamb\u00e9m t\u00eam acesso a grupos de WhatsApp criados pelas escolas municipais para facilitar os estudos, tirar d\u00favidas e repassar orienta\u00e7\u00f5es.<\/p>\n<p>Para atender os poucos alunos identificados pelas escolas municipais que n\u00e3o t\u00eam acesso \u00e0 internet, algumas escolas est\u00e3o disponibilizando livros did\u00e1ticos e at\u00e9 apostilas. Segundo a Superintendente de Ensino Fundamental, Balade Aref, as atividades pedag\u00f3gicas online t\u00eam car\u00e1ter complementar e visam o estabelecimento de uma rotina de estudo em casa.<\/p>\n<p><strong>Atividades divididas por ano<\/strong><\/p>\n<p>Na plataforma, as atividades foram divididos para cada ano de escolaridade. Balade Aref informou que para estudantes dos anos iniciais (1\u00ba ao 5\u00ba ano), a equipe elaborou apresenta\u00e7\u00e3o di\u00e1ria de atividade de leitura, seguida de escrita contextualizada e integrada a saberes das ci\u00eancias, finalizando com uma atividade l\u00fadica ou criativa.<\/p>\n<p>&#8220;J\u00e1 para os anos finais do Ensino Fundamental, (6\u00b0 ao 9\u00ba ano), o destaque fica com os v\u00eddeos que complementam as atividades. Al\u00e9m de serem modos atrativos de estudar e aprender. H\u00e1 um grande empenho dos coordenadores pedag\u00f3gicos, equipe do NTM, professores, orientadores e gestores, que fazem acontecer o blog&#8221;, pontuou a superintendente.<\/p>\n<p>Quem est\u00e1 matriculado no Ensino M\u00e9dio tem acesso a sugest\u00f5es de links e exerc\u00edcios de disciplinas como F\u00edsica, Qu\u00edmica, Matem\u00e1tica, L\u00edngua Portuguesa, Oficina de Reda\u00e7\u00e3o e Interpreta\u00e7\u00e3o de texto.<\/p>\n<p>A campanha &#8220;Educa\u00e7\u00e3o n\u00e3o para e n\u00e3o deixa ningu\u00e9m parado&#8221; ganhou uma expressiva ades\u00e3o. Escolas municipais est\u00e3o exibindo em suas redes sociais registros de diversos alunos estudando os conte\u00fados oferecidos. Al\u00e9m do blog, o material tamb\u00e9m \u00e9 exibido no aplicativo <a href=\"https:\/\/app.vc\/educacaonaopara\" target=\"_blank\" rel=\"noopener noreferrer\"><u>https:\/\/app.vc\/educacaonaopara<\/u><\/a>, elaborado pela equipe do projeto Inova Maca\u00e9 &#8211; Laborat\u00f3rio de Inova\u00e7\u00e3o em Gest\u00e3o P\u00fablica, vinculado \u00e0 Secretaria Municipal Adjunta de Planejamento.<\/p>\n<p><a href=\"http:\/\/www.macae.rj.gov.br\/noticias\/leitura\/noticia\/educacao-inicia-semana-com-novidades-no-blog\" target=\"_blank\" rel=\"noopener noreferrer\">Fonte: Prefeitura de Maca\u00e9<\/a><br \/>\nJornalista: Joice Trindade<\/p>\n","protected":false},"excerpt":{"rendered":"<p>A partir desta semana, a Superintend\u00eancia de Ensino Fundamental da Educa\u00e7\u00e3o vai disponibilizar uma autoavalia\u00e7\u00e3o com o objetivo de conhecer<\/p>\n","protected":false},"author":7,"featured_media":16173,"comment_status":"open","ping_status":"open","sticky":false,"template":"","format":"standard","meta":{"footnotes":""},"categories":[177],"tags":[],"class_list":["post-16744","post","type-post","status-publish","format-standard","has-post-thumbnail","hentry","category-materias"],"_links":{"self":[{"href":"https:\/\/www.azullimao.com.br\/portal\/wp-json\/wp\/v2\/posts\/16744","targetHints":{"allow":["GET"]}}],"collection":[{"href":"https:\/\/www.azullimao.com.br\/portal\/wp-json\/wp\/v2\/posts"}],"about":[{"href":"https:\/\/www.azullimao.com.br\/portal\/wp-json\/wp\/v2\/types\/post"}],"author":[{"embeddable":true,"href":"https:\/\/www.azullimao.com.br\/portal\/wp-json\/wp\/v2\/users\/7"}],"replies":[{"embeddable":true,"href":"https:\/\/www.azullimao.com.br\/portal\/wp-json\/wp\/v2\/comments?post=16744"}],"version-history":[{"count":2,"href":"https:\/\/www.azullimao.com.br\/portal\/wp-json\/wp\/v2\/posts\/16744\/revisions"}],"predecessor-version":[{"id":16746,"href":"https:\/\/www.azullimao.com.br\/portal\/wp-json\/wp\/v2\/posts\/16744\/revisions\/16746"}],"wp:featuredmedia":[{"embeddable":true,"href":"https:\/\/www.azullimao.com.br\/portal\/wp-json\/wp\/v2\/media\/16173"}],"wp:attachment":[{"href":"https:\/\/www.azullimao.com.br\/portal\/wp-json\/wp\/v2\/media?parent=16744"}],"wp:term":[{"taxonomy":"category","embeddable":true,"href":"https:\/\/www.azullimao.com.br\/portal\/wp-json\/wp\/v2\/categories?post=16744"},{"taxonomy":"post_tag","embeddable":true,"href":"https:\/\/www.azullimao.com.br\/portal\/wp-json\/wp\/v2\/tags?post=16744"}],"curies":[{"name":"wp","href":"https:\/\/api.w.org\/{rel}","templated":true}]}}