{"id":16300,"date":"2020-04-02T18:53:25","date_gmt":"2020-04-02T21:53:25","guid":{"rendered":"http:\/\/www.azullimao.com.br\/portal\/?p=16300"},"modified":"2020-04-02T18:55:56","modified_gmt":"2020-04-02T21:55:56","slug":"bolsa-alimentacao-macae-novo-cronograma-de-cadastro","status":"publish","type":"post","link":"https:\/\/www.azullimao.com.br\/portal\/materias\/bolsa-alimentacao-macae-novo-cronograma-de-cadastro\/","title":{"rendered":"Bolsa Alimenta\u00e7\u00e3o Maca\u00e9 &#8211; Novo Cronograma de Cadastro"},"content":{"rendered":"<p>Em virtude do n\u00famero de acessos simult\u00e2neos ao portal oficial (macae.rj.gov.br) e no link de cadastro do Bolsa Alimenta\u00e7\u00e3o; <strong><a href=\"http:\/\/bolsaalimentacao.macae.rj.gov.br\/?fbclid=IwAR0J9HouFeAWx9DfkXkW7xBt4poqvlOW9nxxXIR9Nuo1Lpt3Q0sY9KfH2ow\" target=\"_blank\" rel=\"nofollow noopener noreferrer\" data-ft=\"{&quot;tn&quot;:&quot;-U&quot;}\" data-lynx-mode=\"origin\" data-lynx-uri=\"https:\/\/l.facebook.com\/l.php?u=http%3A%2F%2Fbolsaalimentacao.macae.rj.gov.br%2F%3Ffbclid%3DIwAR0J9HouFeAWx9DfkXkW7xBt4poqvlOW9nxxXIR9Nuo1Lpt3Q0sY9KfH2ow&amp;h=AT2fdD0kuUyeVUQxSZ12Tw-EtI06iwsg7y0uaSVs9UPbNf_6cBtakrk8w8XuX5Y-UZDbhBG-kzGzrG9dwBxp0yvIE4-rrZXijrBaVIS02RCfev3I8YKN7rh0qnF2CFHIpQimnwh6XbEumiIPq1qimjKrEyvtlML8QfCH\">http:\/\/bolsaalimentacao.macae.rj.gov.br<\/a><\/strong>, a Prefeitura de Maca\u00e9, por meio da Secretaria de Educa\u00e7\u00e3o, informa que criou um cronograma de preenchimento e ampliou o prazo do cadastro do Bolsa Alimenta\u00e7\u00e3o at\u00e9 a pr\u00f3xima ter\u00e7a-feira (7 de abril) . Para melhor atender os usu\u00e1rios, o cadastro foi subdividido por etapas de ensino. Nesta sexta-feira (3), o pre<span class=\"text_exposed_show\">enchimento ser\u00e1 para pais ou respons\u00e1veis dos estudantes da Educa\u00e7\u00e3o Infantil.<\/span><\/p>\n<div class=\"text_exposed_show\">\n<p>No s\u00e1bado (4) o cadastro no link ser\u00e1 para o primeiro segmento do Ensino Fundamental (1\u00ba ao 5\u00ba ano), no domingo (5) ser\u00e1 destinado ao segundo segmento do Ensino Fundamental (6\u00ba ao 9\u00ba ano) e na segunda feira (6) para alunos do Ensino M\u00e9dio e Educa\u00e7\u00e3o de Jovens e Adultos. O \u00faltimo dia de cadastro na pr\u00f3xima ter\u00e7a-feira (7) ser\u00e1 direcionado para todos os estudantes da Educa\u00e7\u00e3o B\u00e1sica ( Educa\u00e7\u00e3o Infantil, Ensino Fundamental -1\u00ba ano 9\u00ba ano e Ensino M\u00e9dio), al\u00e9m da modalidade da Educa\u00e7\u00e3o de Jovens e Adultos.<br \/>\n<strong>Fonte Jornalista Waleska Freire<\/strong><\/p>\n<\/div>\n<p><img loading=\"lazy\" decoding=\"async\" class=\"alignnone wp-image-16301 size-full\" src=\"https:\/\/www.azullimao.com.br\/portal\/wp-content\/uploads\/2020\/04\/92381534_1530534053789295_6118896115401097216_n.jpg\" alt=\"\" width=\"960\" height=\"960\" srcset=\"https:\/\/www.azullimao.com.br\/portal\/wp-content\/uploads\/2020\/04\/92381534_1530534053789295_6118896115401097216_n.jpg 960w, https:\/\/www.azullimao.com.br\/portal\/wp-content\/uploads\/2020\/04\/92381534_1530534053789295_6118896115401097216_n-300x300.jpg 300w, https:\/\/www.azullimao.com.br\/portal\/wp-content\/uploads\/2020\/04\/92381534_1530534053789295_6118896115401097216_n-150x150.jpg 150w, https:\/\/www.azullimao.com.br\/portal\/wp-content\/uploads\/2020\/04\/92381534_1530534053789295_6118896115401097216_n-768x768.jpg 768w\" sizes=\"auto, (max-width: 960px) 100vw, 960px\" \/><\/p>\n","protected":false},"excerpt":{"rendered":"<p>Em virtude do n\u00famero de acessos simult\u00e2neos ao portal oficial (macae.rj.gov.br) e no link de cadastro do Bolsa Alimenta\u00e7\u00e3o; http:\/\/bolsaalimentacao.macae.rj.gov.br,<\/p>\n","protected":false},"author":7,"featured_media":16269,"comment_status":"open","ping_status":"open","sticky":false,"template":"","format":"standard","meta":{"footnotes":""},"categories":[177],"tags":[],"class_list":["post-16300","post","type-post","status-publish","format-standard","has-post-thumbnail","hentry","category-materias"],"_links":{"self":[{"href":"https:\/\/www.azullimao.com.br\/portal\/wp-json\/wp\/v2\/posts\/16300","targetHints":{"allow":["GET"]}}],"collection":[{"href":"https:\/\/www.azullimao.com.br\/portal\/wp-json\/wp\/v2\/posts"}],"about":[{"href":"https:\/\/www.azullimao.com.br\/portal\/wp-json\/wp\/v2\/types\/post"}],"author":[{"embeddable":true,"href":"https:\/\/www.azullimao.com.br\/portal\/wp-json\/wp\/v2\/users\/7"}],"replies":[{"embeddable":true,"href":"https:\/\/www.azullimao.com.br\/portal\/wp-json\/wp\/v2\/comments?post=16300"}],"version-history":[{"count":1,"href":"https:\/\/www.azullimao.com.br\/portal\/wp-json\/wp\/v2\/posts\/16300\/revisions"}],"predecessor-version":[{"id":16302,"href":"https:\/\/www.azullimao.com.br\/portal\/wp-json\/wp\/v2\/posts\/16300\/revisions\/16302"}],"wp:featuredmedia":[{"embeddable":true,"href":"https:\/\/www.azullimao.com.br\/portal\/wp-json\/wp\/v2\/media\/16269"}],"wp:attachment":[{"href":"https:\/\/www.azullimao.com.br\/portal\/wp-json\/wp\/v2\/media?parent=16300"}],"wp:term":[{"taxonomy":"category","embeddable":true,"href":"https:\/\/www.azullimao.com.br\/portal\/wp-json\/wp\/v2\/categories?post=16300"},{"taxonomy":"post_tag","embeddable":true,"href":"https:\/\/www.azullimao.com.br\/portal\/wp-json\/wp\/v2\/tags?post=16300"}],"curies":[{"name":"wp","href":"https:\/\/api.w.org\/{rel}","templated":true}]}}