{"id":16259,"date":"2020-03-31T11:55:03","date_gmt":"2020-03-31T14:55:03","guid":{"rendered":"http:\/\/www.azullimao.com.br\/portal\/?p=16259"},"modified":"2020-03-31T12:11:36","modified_gmt":"2020-03-31T15:11:36","slug":"divulgado-resultado-provisorio-para-contratacao-emergencial-na-saude","status":"publish","type":"post","link":"https:\/\/www.azullimao.com.br\/portal\/materias\/divulgado-resultado-provisorio-para-contratacao-emergencial-na-saude\/","title":{"rendered":"Divulgado resultado provis\u00f3rio para contrata\u00e7\u00e3o emergencial na Sa\u00fade"},"content":{"rendered":"<p>A Prefeitura de Maca\u00e9, atrav\u00e9s da Secretaria de Sa\u00fade, divulgou o\u00a0<a href=\"http:\/\/www.macae.rj.gov.br\/midia\/conteudo\/arquivos\/1585660375.pdf\" target=\"_blank\" rel=\"noopener noreferrer\">resultado provis\u00f3rio<\/a>\u00a0do Edital de Chamamento para contrata\u00e7\u00e3o emergencial de profissionais de sa\u00fade, para atua\u00e7\u00e3o junto \u00e0 frente de combate ao coronav\u00edrus (Covid-19).<\/p>\n<p>O resultado final ser\u00e1 publicado no site da Prefeitura de Maca\u00e9 (<a href=\"http:\/\/www.macae.rj.gov.br\/saude\/conteudo\/titulo\/edital-de-contratacao-emergencial-profissionais-da-saude\" target=\"_blank\" rel=\"noopener noreferrer\">http:\/\/www.macae.rj.gov.br<\/a>) nesta ter\u00e7a-feira (31), mesma data de in\u00edcio do contrato.<\/p>\n<p>O Edital de Chamamento est\u00e1 divulgado no site da Prefeitura de Maca\u00e9, e traz informa\u00e7\u00f5es sobre contrata\u00e7\u00e3o emergencial, atrav\u00e9s da Secretaria Municipal de Sa\u00fade, de profissionais da \u00e1rea m\u00e9dica para atua\u00e7\u00e3o na frente de combate ao coronov\u00edrus (Covid-19), no munic\u00edpio. S\u00e3o ofertadas 70 vagas, sendo 15 para m\u00e9dicos, 15 para enfermeiros, 10 para fisioterapeutas e 30 para t\u00e9cnicos de enfermagem.<\/p>\n<p><a href=\"http:\/\/www.macae.rj.gov.br\/noticias\/leitura\/noticia\/divulgado-resultado-provisorio-para-contratacao-emergencial-na-saude\" target=\"_blank\" rel=\"noopener noreferrer\">Fonte: Prefeitura de Maca\u00e9<\/a><br \/>\nJornalista: Equipe Secom<\/p>\n","protected":false},"excerpt":{"rendered":"<p>A Prefeitura de Maca\u00e9, atrav\u00e9s da Secretaria de Sa\u00fade, divulgou o\u00a0resultado provis\u00f3rio\u00a0do Edital de Chamamento para contrata\u00e7\u00e3o emergencial de profissionais<\/p>\n","protected":false},"author":7,"featured_media":16262,"comment_status":"open","ping_status":"open","sticky":false,"template":"","format":"standard","meta":{"footnotes":""},"categories":[177],"tags":[],"class_list":["post-16259","post","type-post","status-publish","format-standard","has-post-thumbnail","hentry","category-materias"],"_links":{"self":[{"href":"https:\/\/www.azullimao.com.br\/portal\/wp-json\/wp\/v2\/posts\/16259","targetHints":{"allow":["GET"]}}],"collection":[{"href":"https:\/\/www.azullimao.com.br\/portal\/wp-json\/wp\/v2\/posts"}],"about":[{"href":"https:\/\/www.azullimao.com.br\/portal\/wp-json\/wp\/v2\/types\/post"}],"author":[{"embeddable":true,"href":"https:\/\/www.azullimao.com.br\/portal\/wp-json\/wp\/v2\/users\/7"}],"replies":[{"embeddable":true,"href":"https:\/\/www.azullimao.com.br\/portal\/wp-json\/wp\/v2\/comments?post=16259"}],"version-history":[{"count":2,"href":"https:\/\/www.azullimao.com.br\/portal\/wp-json\/wp\/v2\/posts\/16259\/revisions"}],"predecessor-version":[{"id":16263,"href":"https:\/\/www.azullimao.com.br\/portal\/wp-json\/wp\/v2\/posts\/16259\/revisions\/16263"}],"wp:featuredmedia":[{"embeddable":true,"href":"https:\/\/www.azullimao.com.br\/portal\/wp-json\/wp\/v2\/media\/16262"}],"wp:attachment":[{"href":"https:\/\/www.azullimao.com.br\/portal\/wp-json\/wp\/v2\/media?parent=16259"}],"wp:term":[{"taxonomy":"category","embeddable":true,"href":"https:\/\/www.azullimao.com.br\/portal\/wp-json\/wp\/v2\/categories?post=16259"},{"taxonomy":"post_tag","embeddable":true,"href":"https:\/\/www.azullimao.com.br\/portal\/wp-json\/wp\/v2\/tags?post=16259"}],"curies":[{"name":"wp","href":"https:\/\/api.w.org\/{rel}","templated":true}]}}