{"id":16160,"date":"2020-03-18T15:39:30","date_gmt":"2020-03-18T18:39:30","guid":{"rendered":"http:\/\/www.azullimao.com.br\/portal\/?p=16160"},"modified":"2020-03-18T15:40:00","modified_gmt":"2020-03-18T18:40:00","slug":"suspensao-temporaria-de-funcionamento-do-shopping-plaza-macae","status":"publish","type":"post","link":"https:\/\/www.azullimao.com.br\/portal\/materias\/suspensao-temporaria-de-funcionamento-do-shopping-plaza-macae\/","title":{"rendered":"Suspens\u00e3o tempor\u00e1ria de funcionamento do Shopping Plaza Maca\u00e9"},"content":{"rendered":"<p style=\"font-weight: 400;\">Em vista do agravamento do cen\u00e1rio decorrente do avan\u00e7o do COVID-19 e atendendo ao Decreto n\u00b0 46.973 do Governo do Estado do Rio de Janeiro, informamos que, a partir de hoje, dia 18 de mar\u00e7o,\u00a0<strong>haver\u00e1 a suspens\u00e3o tempor\u00e1ria das atividades do shopping pelo per\u00edodo de 15 dias<\/strong>.<\/p>\n<p style=\"font-weight: 400;\"><span style=\"color: #ff0000;\"><strong>Fica mantido o funcionamento apenas da farm\u00e1cia, do supermercado e de lojistas em opera\u00e7\u00e3o de delivery.<\/strong><\/span><\/p>\n<p><img loading=\"lazy\" decoding=\"async\" class=\"alignnone wp-image-16161 size-large\" src=\"https:\/\/www.azullimao.com.br\/portal\/wp-content\/uploads\/2020\/03\/18-3-2020-BDMN9VI17U-1024x429.jpg\" alt=\"\" width=\"800\" height=\"335\" srcset=\"https:\/\/www.azullimao.com.br\/portal\/wp-content\/uploads\/2020\/03\/18-3-2020-BDMN9VI17U-1024x429.jpg 1024w, https:\/\/www.azullimao.com.br\/portal\/wp-content\/uploads\/2020\/03\/18-3-2020-BDMN9VI17U-300x126.jpg 300w, https:\/\/www.azullimao.com.br\/portal\/wp-content\/uploads\/2020\/03\/18-3-2020-BDMN9VI17U-768x322.jpg 768w, https:\/\/www.azullimao.com.br\/portal\/wp-content\/uploads\/2020\/03\/18-3-2020-BDMN9VI17U.jpg 1300w\" sizes=\"auto, (max-width: 800px) 100vw, 800px\" \/><\/p>\n<p>Fonte: Assessora de Comunica\u00e7\u00e3o Shopping Plaza Maca\u00e9<\/p>\n<p style=\"font-weight: 400;\">\n","protected":false},"excerpt":{"rendered":"<p>Em vista do agravamento do cen\u00e1rio decorrente do avan\u00e7o do COVID-19 e atendendo ao Decreto n\u00b0 46.973 do Governo do<\/p>\n","protected":false},"author":7,"featured_media":16163,"comment_status":"open","ping_status":"open","sticky":false,"template":"","format":"standard","meta":{"footnotes":""},"categories":[177],"tags":[1929],"class_list":["post-16160","post","type-post","status-publish","format-standard","has-post-thumbnail","hentry","category-materias","tag-macae-4"],"_links":{"self":[{"href":"https:\/\/www.azullimao.com.br\/portal\/wp-json\/wp\/v2\/posts\/16160","targetHints":{"allow":["GET"]}}],"collection":[{"href":"https:\/\/www.azullimao.com.br\/portal\/wp-json\/wp\/v2\/posts"}],"about":[{"href":"https:\/\/www.azullimao.com.br\/portal\/wp-json\/wp\/v2\/types\/post"}],"author":[{"embeddable":true,"href":"https:\/\/www.azullimao.com.br\/portal\/wp-json\/wp\/v2\/users\/7"}],"replies":[{"embeddable":true,"href":"https:\/\/www.azullimao.com.br\/portal\/wp-json\/wp\/v2\/comments?post=16160"}],"version-history":[{"count":3,"href":"https:\/\/www.azullimao.com.br\/portal\/wp-json\/wp\/v2\/posts\/16160\/revisions"}],"predecessor-version":[{"id":16165,"href":"https:\/\/www.azullimao.com.br\/portal\/wp-json\/wp\/v2\/posts\/16160\/revisions\/16165"}],"wp:featuredmedia":[{"embeddable":true,"href":"https:\/\/www.azullimao.com.br\/portal\/wp-json\/wp\/v2\/media\/16163"}],"wp:attachment":[{"href":"https:\/\/www.azullimao.com.br\/portal\/wp-json\/wp\/v2\/media?parent=16160"}],"wp:term":[{"taxonomy":"category","embeddable":true,"href":"https:\/\/www.azullimao.com.br\/portal\/wp-json\/wp\/v2\/categories?post=16160"},{"taxonomy":"post_tag","embeddable":true,"href":"https:\/\/www.azullimao.com.br\/portal\/wp-json\/wp\/v2\/tags?post=16160"}],"curies":[{"name":"wp","href":"https:\/\/api.w.org\/{rel}","templated":true}]}}