{"id":16157,"date":"2020-03-16T17:56:02","date_gmt":"2020-03-16T20:56:02","guid":{"rendered":"http:\/\/www.azullimao.com.br\/portal\/?p=16157"},"modified":"2020-03-16T17:56:02","modified_gmt":"2020-03-16T20:56:02","slug":"semana-inicia-com-697-vagas-de-emprego-em-macae","status":"publish","type":"post","link":"https:\/\/www.azullimao.com.br\/portal\/noticias-e-empregos\/semana-inicia-com-697-vagas-de-emprego-em-macae\/","title":{"rendered":"Semana inicia com 697 vagas de emprego em Maca\u00e9"},"content":{"rendered":"<p>Chefe de cozinha offshore, consultor de vendas, funileiro tra\u00e7ador e inspetor de solda est\u00e3o entre as 697 vagas de emprego abertas em empresas parceiras da Secretaria Adjunta de Trabalho e Renda neste in\u00edcio de semana. H\u00e1 vaga tamb\u00e9m para engenheiro mec\u00e2nico, engenheiro el\u00e9trico e instrumentista tubista.<\/p>\n<p>Para verificar as vagas o interessado deve ir ao site da Prefeitura de Maca\u00e9, clicar em &#8220;Empregos&#8221; e depois em &#8220;Consultar vagas de emprego&#8221;. O portal tamb\u00e9m permite que o profissional se inscreva, passando a fazer parte do banco de dados da secretaria. Empres\u00e1rios podem cadastrar quais qualifica\u00e7\u00f5es de funcion\u00e1rios precisam. A partir destes dois tipos de dados, a secretaria cruza as informa\u00e7\u00f5es.<\/p>\n<p>Al\u00e9m disso, o interessado pode ir direto \u00e0 secretaria, na Rodovia Amaral Peixoto, s\/n, em frente ao Est\u00e1dio Cl\u00e1udio Moacyr, na Barra, de segunda a sexta-feira, das 8h \u00e0s 17h. A Secretaria de Desenvolvimento Econ\u00f4mico, Trabalho e Renda emite ainda carteiras de identidade e de trabalho. Para este servi\u00e7o, \u00e9 preciso agendamento pelo 0800.021.1138. Em seguida, o candidato deve comparecer ao \u00f3rg\u00e3o p\u00fablico. A documenta\u00e7\u00e3o necess\u00e1ria para cada servi\u00e7o est\u00e1 no site. Em caso de d\u00favida, o interessado pode ligar para 2763-6344.<\/p>\n<p><strong><a href=\"http:\/\/sistemas.macae.rj.gov.br:84\/semtre\/interno\/interno\/muralexterno.php\">Confira a listagem completa.<\/a><\/p>\n<p><\/strong><a href=\"http:\/\/www.macae.rj.gov.br\/noticias\/leitura\/noticia\/semana-inicia-com-697-vagas-de-emprego\" target=\"_blank\" rel=\"noopener noreferrer\">Fonte: Prefeitura de Maca\u00e9<\/a><br \/>\nJornalista: Equipe Secom<\/p>\n","protected":false},"excerpt":{"rendered":"<p>Chefe de cozinha offshore, consultor de vendas, funileiro tra\u00e7ador e inspetor de solda est\u00e3o entre as 697 vagas de emprego<\/p>\n","protected":false},"author":7,"featured_media":12751,"comment_status":"open","ping_status":"open","sticky":false,"template":"","format":"standard","meta":{"footnotes":""},"categories":[810],"tags":[288],"class_list":["post-16157","post","type-post","status-publish","format-standard","has-post-thumbnail","hentry","category-noticias-e-empregos","tag-macae"],"_links":{"self":[{"href":"https:\/\/www.azullimao.com.br\/portal\/wp-json\/wp\/v2\/posts\/16157","targetHints":{"allow":["GET"]}}],"collection":[{"href":"https:\/\/www.azullimao.com.br\/portal\/wp-json\/wp\/v2\/posts"}],"about":[{"href":"https:\/\/www.azullimao.com.br\/portal\/wp-json\/wp\/v2\/types\/post"}],"author":[{"embeddable":true,"href":"https:\/\/www.azullimao.com.br\/portal\/wp-json\/wp\/v2\/users\/7"}],"replies":[{"embeddable":true,"href":"https:\/\/www.azullimao.com.br\/portal\/wp-json\/wp\/v2\/comments?post=16157"}],"version-history":[{"count":1,"href":"https:\/\/www.azullimao.com.br\/portal\/wp-json\/wp\/v2\/posts\/16157\/revisions"}],"predecessor-version":[{"id":16158,"href":"https:\/\/www.azullimao.com.br\/portal\/wp-json\/wp\/v2\/posts\/16157\/revisions\/16158"}],"wp:featuredmedia":[{"embeddable":true,"href":"https:\/\/www.azullimao.com.br\/portal\/wp-json\/wp\/v2\/media\/12751"}],"wp:attachment":[{"href":"https:\/\/www.azullimao.com.br\/portal\/wp-json\/wp\/v2\/media?parent=16157"}],"wp:term":[{"taxonomy":"category","embeddable":true,"href":"https:\/\/www.azullimao.com.br\/portal\/wp-json\/wp\/v2\/categories?post=16157"},{"taxonomy":"post_tag","embeddable":true,"href":"https:\/\/www.azullimao.com.br\/portal\/wp-json\/wp\/v2\/tags?post=16157"}],"curies":[{"name":"wp","href":"https:\/\/api.w.org\/{rel}","templated":true}]}}