{"id":16142,"date":"2020-03-13T17:30:48","date_gmt":"2020-03-13T20:30:48","guid":{"rendered":"http:\/\/www.azullimao.com.br\/portal\/?p=16142"},"modified":"2020-03-13T17:30:49","modified_gmt":"2020-03-13T20:30:49","slug":"prefeito-de-macae-suspende-aulas-em-escolas-publicas-e-particulares","status":"publish","type":"post","link":"https:\/\/www.azullimao.com.br\/portal\/materias\/prefeito-de-macae-suspende-aulas-em-escolas-publicas-e-particulares\/","title":{"rendered":"Prefeito de Maca\u00e9 suspende aulas em escolas p\u00fablicas e particulares"},"content":{"rendered":"<p>O prefeito de Maca\u00e9, Dr. Aluizio, seguindo medidas adotadas pelo Governo do Estado do Rio de Janeiro, informou, na tarde desta sexta-feira (13), que as aulas est\u00e3o suspensas pelo per\u00edodo de 15 dias no munic\u00edpio. A medida \u00e9 v\u00e1lida, a partir de segunda-feira (16), e abrange tanto as unidades de ensino da rede municipal e particular. Ainda de acordo com o comunicado feito pelo prefeito, tamb\u00e9m na segunda-feira, ser\u00e3o dadas outras orienta\u00e7\u00f5es sobre o assunto.<\/p>\n<p>O decreto municipal 27\/2020, publicado pelo governo municipal, nesta sexta-feira, traz orienta\u00e7\u00f5es e determina\u00e7\u00f5es preventivas ao Coronav\u00edrus (Covid-19). Pelo decreto tamb\u00e9m fica criado o Gabinete de Preven\u00e7\u00e3o de Cuidado aos <strong>Portadores<\/strong> de Coronav\u00edrus 2019, composto pela secret\u00e1ria municipal de Sa\u00fade; secret\u00e1rio municipal de Educa\u00e7\u00e3o, superintendente do Hospital P\u00fablico de Maca\u00e9, superintendente do Hospital P\u00fablico de Maca\u00e9 da Serra (HPMS), Coordena\u00e7\u00e3o da Estrat\u00e9gia de Sa\u00fade da Fam\u00edlia, coordena\u00e7\u00e3o de emerg\u00eancias, que estar\u00e3o sobre a presid\u00eancia do prefeito.<\/p>\n<p>Fonte: Prefeitura de Maca\u00e9<br \/>\nJornalista: Equipe Secom<\/p>\n","protected":false},"excerpt":{"rendered":"<p>O prefeito de Maca\u00e9, Dr. Aluizio, seguindo medidas adotadas pelo Governo do Estado do Rio de Janeiro, informou, na tarde<\/p>\n","protected":false},"author":7,"featured_media":16143,"comment_status":"open","ping_status":"open","sticky":false,"template":"","format":"standard","meta":{"footnotes":""},"categories":[177],"tags":[288],"class_list":["post-16142","post","type-post","status-publish","format-standard","has-post-thumbnail","hentry","category-materias","tag-macae"],"_links":{"self":[{"href":"https:\/\/www.azullimao.com.br\/portal\/wp-json\/wp\/v2\/posts\/16142","targetHints":{"allow":["GET"]}}],"collection":[{"href":"https:\/\/www.azullimao.com.br\/portal\/wp-json\/wp\/v2\/posts"}],"about":[{"href":"https:\/\/www.azullimao.com.br\/portal\/wp-json\/wp\/v2\/types\/post"}],"author":[{"embeddable":true,"href":"https:\/\/www.azullimao.com.br\/portal\/wp-json\/wp\/v2\/users\/7"}],"replies":[{"embeddable":true,"href":"https:\/\/www.azullimao.com.br\/portal\/wp-json\/wp\/v2\/comments?post=16142"}],"version-history":[{"count":1,"href":"https:\/\/www.azullimao.com.br\/portal\/wp-json\/wp\/v2\/posts\/16142\/revisions"}],"predecessor-version":[{"id":16144,"href":"https:\/\/www.azullimao.com.br\/portal\/wp-json\/wp\/v2\/posts\/16142\/revisions\/16144"}],"wp:featuredmedia":[{"embeddable":true,"href":"https:\/\/www.azullimao.com.br\/portal\/wp-json\/wp\/v2\/media\/16143"}],"wp:attachment":[{"href":"https:\/\/www.azullimao.com.br\/portal\/wp-json\/wp\/v2\/media?parent=16142"}],"wp:term":[{"taxonomy":"category","embeddable":true,"href":"https:\/\/www.azullimao.com.br\/portal\/wp-json\/wp\/v2\/categories?post=16142"},{"taxonomy":"post_tag","embeddable":true,"href":"https:\/\/www.azullimao.com.br\/portal\/wp-json\/wp\/v2\/tags?post=16142"}],"curies":[{"name":"wp","href":"https:\/\/api.w.org\/{rel}","templated":true}]}}