{"id":16103,"date":"2020-03-03T10:55:59","date_gmt":"2020-03-03T13:55:59","guid":{"rendered":"http:\/\/www.azullimao.com.br\/portal\/?p=16103"},"modified":"2020-03-03T12:29:21","modified_gmt":"2020-03-03T15:29:21","slug":"teatro-municipal-de-macae-tem-show-de-humor-com","status":"publish","type":"post","link":"https:\/\/www.azullimao.com.br\/portal\/materias\/teatro-municipal-de-macae-tem-show-de-humor-com\/","title":{"rendered":"Teatro Municipal de Maca\u00e9 tem show de humor com &#8220;Tal Pai Tal Filho&#8221;"},"content":{"rendered":"<p>O Teatro Municipal de Maca\u00e9 abre, nesta quinta-feira (5), \u00e0s 20h, uma nova temporada de entretenimentos com o show de humor \u2018Tal Pai Tal Filho\u2019. Muito aplaudido pelo p\u00fablico, o espet\u00e1culo tem \u00e0 frente o carioca Andr\u00e9 Lucas, filho do saudoso humorista Chico Anysio. Ele traz cenas e di\u00e1logos em que ambos contracenaram em programas de televis\u00e3o. Os ingressos est\u00e3o \u00e0 venda na bilheteria do teatro, com valores promocionais de R$ 60 (inteira) e R$ 30 (meia).<\/p>\n<p>As cenas da velhinha prostituta querendo aposentadoria e do Opala, apresentadas no programa do J\u00f4 Soares, determinou o nascimento do espet\u00e1culo com atua\u00e7\u00f5es conjuntas do pai e do filho, o que os levou a viajar pelo Brasil com grande sucesso. Chico dizia que era delicioso trabalhar com Andr\u00e9 Lucas, a quem ensinou muito do que ele sabe; e o filho, por sua vez, dizia que a cada apresenta\u00e7\u00e3o aprendia mais com seu velho.<\/p>\n<p>Mesmo sem a presen\u00e7a do mentor, Tal Pai Tal Filho \u00e9 uma terapia total do riso, onde a energia jorra em todas as dire\u00e7\u00f5es. A maior parte que re\u00fane este conte\u00fado de humor vem da mente brilhante de um cearense, o Chico de Maranguape. O show \u00e9 elogiado por grandes personalidades, como o cartunista Ziraldo: \u201c\u00c9 um espet\u00e1culo &#8216;feito em casa&#8217;, mas de tal modo brilhante que voc\u00ea, com certeza, aplaudir\u00e1. De p\u00e9, quem sabe?\u201d, comenta Ziraldo, ao assinar a apresenta\u00e7\u00e3o e arte do show.<\/p>\n<p>O Teatro Municipal de Maca\u00e9 fica na Avenida Rui Barbosa, 780, Centro.<\/p>\n<p><a href=\"http:\/\/www.macae.rj.gov.br\/noticias\/leitura\/noticia\/teatro-municipal-de-macae-tem-show-de-humor-com-tal-pai-tal-filho\" target=\"_blank\" rel=\"noopener noreferrer\">Fonte: Prefeitura de Maca\u00e9<\/a><br \/>\nJornalista: Marilene Carvalho<br \/>\n<b>Foto:<\/b>\u00a0Divulga\u00e7\u00e3o da pe\u00e7a<\/p>\n","protected":false},"excerpt":{"rendered":"<p>O Teatro Municipal de Maca\u00e9 abre, nesta quinta-feira (5), \u00e0s 20h, uma nova temporada de entretenimentos com o show de<\/p>\n","protected":false},"author":7,"featured_media":16107,"comment_status":"open","ping_status":"open","sticky":false,"template":"","format":"standard","meta":{"footnotes":""},"categories":[177],"tags":[288],"class_list":["post-16103","post","type-post","status-publish","format-standard","has-post-thumbnail","hentry","category-materias","tag-macae"],"_links":{"self":[{"href":"https:\/\/www.azullimao.com.br\/portal\/wp-json\/wp\/v2\/posts\/16103","targetHints":{"allow":["GET"]}}],"collection":[{"href":"https:\/\/www.azullimao.com.br\/portal\/wp-json\/wp\/v2\/posts"}],"about":[{"href":"https:\/\/www.azullimao.com.br\/portal\/wp-json\/wp\/v2\/types\/post"}],"author":[{"embeddable":true,"href":"https:\/\/www.azullimao.com.br\/portal\/wp-json\/wp\/v2\/users\/7"}],"replies":[{"embeddable":true,"href":"https:\/\/www.azullimao.com.br\/portal\/wp-json\/wp\/v2\/comments?post=16103"}],"version-history":[{"count":1,"href":"https:\/\/www.azullimao.com.br\/portal\/wp-json\/wp\/v2\/posts\/16103\/revisions"}],"predecessor-version":[{"id":16105,"href":"https:\/\/www.azullimao.com.br\/portal\/wp-json\/wp\/v2\/posts\/16103\/revisions\/16105"}],"wp:featuredmedia":[{"embeddable":true,"href":"https:\/\/www.azullimao.com.br\/portal\/wp-json\/wp\/v2\/media\/16107"}],"wp:attachment":[{"href":"https:\/\/www.azullimao.com.br\/portal\/wp-json\/wp\/v2\/media?parent=16103"}],"wp:term":[{"taxonomy":"category","embeddable":true,"href":"https:\/\/www.azullimao.com.br\/portal\/wp-json\/wp\/v2\/categories?post=16103"},{"taxonomy":"post_tag","embeddable":true,"href":"https:\/\/www.azullimao.com.br\/portal\/wp-json\/wp\/v2\/tags?post=16103"}],"curies":[{"name":"wp","href":"https:\/\/api.w.org\/{rel}","templated":true}]}}