{"id":16022,"date":"2020-02-18T10:27:46","date_gmt":"2020-02-18T13:27:46","guid":{"rendered":"http:\/\/www.azullimao.com.br\/portal\/?p=16022"},"modified":"2020-02-18T10:27:46","modified_gmt":"2020-02-18T13:27:46","slug":"trabalho-e-renda-divulga-724-vagas-de-emprego","status":"publish","type":"post","link":"https:\/\/www.azullimao.com.br\/portal\/noticias-e-empregos\/trabalho-e-renda-divulga-724-vagas-de-emprego\/","title":{"rendered":"Trabalho e Renda divulga 724 vagas de emprego"},"content":{"rendered":"<p>Caldeireiro, funileiro, eletricista e nutricionista est\u00e3o entre as 724 vagas ofertadas por empresas parceiras da Secretaria de Desenvolvimento Econ\u00f4mico, Trabalho e Renda. A semana come\u00e7a com oportunidades, tamb\u00e9m, para t\u00e9cnico em instrumenta\u00e7\u00e3o, em inform\u00e1tica, supervisor de obra e instrutor de enfermagem.<\/p>\n<p>Para verificar as vagas dispon\u00edveis semanalmente, os interessados devem entrar no portal da Prefeitura de Maca\u00e9, clicar na aba em\u00a0<a href=\"http:\/\/www.macae.rj.gov.br\/TRABALHOERENDA\/conteudo\/titulo\/ao-trabalhador\" target=\"_blank\" rel=\"noopener noreferrer\"><strong>&#8220;Empregos&#8221;<\/strong><\/a>, no lado esquerdo da p\u00e1gina e em &#8220;Consultar vagas de emprego&#8221;. Tamb\u00e9m no local, o profissional pode se inscrever, passando a fazer parte do banco de dados da secretaria.<\/p>\n<p>Nesse mesmo ambiente, empres\u00e1rios tamb\u00e9m podem cadastrar as qualifica\u00e7\u00f5es de funcion\u00e1rios que necessitam. A partir destes dados dispon\u00edveis, a secretaria cruza as informa\u00e7\u00f5es e as vagas s\u00e3o divulgadas.<\/p>\n<p>O interessado nas vagas tamb\u00e9m pode ir direto \u00e0 secretaria, que na Rodovia Amaral Peixoto, s\/n, em frente ao Est\u00e1dio Cl\u00e1udio Moacyr, na Barra, de segunda a sexta-feira, das 8h \u00e0s 17h. No local tamb\u00e9m s\u00e3o emitidas carteiras de identidade e de trabalho. Para este servi\u00e7o, \u00e9 preciso agendamento pelo 0800.021.1138. A documenta\u00e7\u00e3o necess\u00e1ria para cada servi\u00e7o est\u00e1 no site. Em caso de d\u00favida, o interessado pode ligar para 2763-6344.<\/p>\n<p><strong><u><a href=\"http:\/\/sistemas.macae.rj.gov.br:84\/semtre\/interno\/interno\/muralexterno.php\" target=\"_blank\" rel=\"noopener noreferrer\">Confira aqui a lista com as vagas<\/a><\/u><\/strong>.<\/p>\n<p><a href=\"http:\/\/www.macae.rj.gov.br\/noticias\/leitura\/noticia\/trabalho-e-renda-divulga-724-vagas-de-emprego\" target=\"_blank\" rel=\"noopener noreferrer\">Fonte: Prefeitura de Maca\u00e9<\/a><br \/>\nJornalista: Carla Cardoso<\/p>\n","protected":false},"excerpt":{"rendered":"<p>Caldeireiro, funileiro, eletricista e nutricionista est\u00e3o entre as 724 vagas ofertadas por empresas parceiras da Secretaria de Desenvolvimento Econ\u00f4mico, Trabalho<\/p>\n","protected":false},"author":7,"featured_media":14537,"comment_status":"open","ping_status":"open","sticky":false,"template":"","format":"standard","meta":{"footnotes":""},"categories":[810],"tags":[288],"class_list":["post-16022","post","type-post","status-publish","format-standard","has-post-thumbnail","hentry","category-noticias-e-empregos","tag-macae"],"_links":{"self":[{"href":"https:\/\/www.azullimao.com.br\/portal\/wp-json\/wp\/v2\/posts\/16022","targetHints":{"allow":["GET"]}}],"collection":[{"href":"https:\/\/www.azullimao.com.br\/portal\/wp-json\/wp\/v2\/posts"}],"about":[{"href":"https:\/\/www.azullimao.com.br\/portal\/wp-json\/wp\/v2\/types\/post"}],"author":[{"embeddable":true,"href":"https:\/\/www.azullimao.com.br\/portal\/wp-json\/wp\/v2\/users\/7"}],"replies":[{"embeddable":true,"href":"https:\/\/www.azullimao.com.br\/portal\/wp-json\/wp\/v2\/comments?post=16022"}],"version-history":[{"count":1,"href":"https:\/\/www.azullimao.com.br\/portal\/wp-json\/wp\/v2\/posts\/16022\/revisions"}],"predecessor-version":[{"id":16023,"href":"https:\/\/www.azullimao.com.br\/portal\/wp-json\/wp\/v2\/posts\/16022\/revisions\/16023"}],"wp:featuredmedia":[{"embeddable":true,"href":"https:\/\/www.azullimao.com.br\/portal\/wp-json\/wp\/v2\/media\/14537"}],"wp:attachment":[{"href":"https:\/\/www.azullimao.com.br\/portal\/wp-json\/wp\/v2\/media?parent=16022"}],"wp:term":[{"taxonomy":"category","embeddable":true,"href":"https:\/\/www.azullimao.com.br\/portal\/wp-json\/wp\/v2\/categories?post=16022"},{"taxonomy":"post_tag","embeddable":true,"href":"https:\/\/www.azullimao.com.br\/portal\/wp-json\/wp\/v2\/tags?post=16022"}],"curies":[{"name":"wp","href":"https:\/\/api.w.org\/{rel}","templated":true}]}}