{"id":15576,"date":"2020-01-30T15:30:29","date_gmt":"2020-01-30T18:30:29","guid":{"rendered":"http:\/\/www.azullimao.com.br\/portal\/?p=15576"},"modified":"2020-01-30T15:32:48","modified_gmt":"2020-01-30T18:32:48","slug":"sesc-verao-banda-blackdoze-e-atracao","status":"publish","type":"post","link":"https:\/\/www.azullimao.com.br\/portal\/materias\/sesc-verao-banda-blackdoze-e-atracao\/","title":{"rendered":"Sesc Ver\u00e3o: banda Blackdoze \u00e9 atra\u00e7\u00e3o de s\u00e1bado em Maca\u00e9"},"content":{"rendered":"<p>A banda Blackdoze ser\u00e1 a atra\u00e7\u00e3o deste s\u00e1bado (1\u00ba), \u00e0s 18h30, do Sesc Ver\u00e3o Maca\u00e9 2020. O p\u00fablico poder\u00e1 curtir um repert\u00f3rio cheio de inova\u00e7\u00f5es, com a mistura de v\u00e1rios estilos que v\u00e3o do rock, reggae, R&amp;B e o funk.<\/p>\n<p>Formada por quatro amigos desde 2015, o intuito \u00e9 produzir um som de qualidade e personalidade musical. A programa\u00e7\u00e3o \u00e9 gratuita, em uma realiza\u00e7\u00e3o do Sesc e co-realiza\u00e7\u00e3o da Prefeitura de Maca\u00e9.<\/p>\n<p>Neste fim de semana, o Sesc Ver\u00e3o tamb\u00e9m ser\u00e1 marcado pelo Cine Sesc 2020 \u2013 Festival do Rio, que acontecer\u00e1 de sexta-feira (31) a domingo (2), a partir das 19h30. Durante esses dias haver\u00e1, ainda, exposi\u00e7\u00e3o Col\u00edrios da Cidade de Maca\u00e9, \u00e0s 9h. No s\u00e1bado, \u00e0s 14h, ter\u00e1 Arena Radical Maca\u00e9.<\/p>\n<p>O esporte ter\u00e1 v\u00e1rias op\u00e7\u00f5es para assistir e, ainda, praticar atividades f\u00edsicas. No s\u00e1bado ser\u00e1 a vez do Torneio de Beach Soccer Masculino, das 7h30 \u00e0s 18h. Ser\u00e3o as categorias sub 7, 9, 11 e 13 (masculino) e feminino adulto. J\u00e1 a partir das 8h haver\u00e1 pilates com a professora Gracy Machado, seguido de aula de zumba, \u00e0s 9h, com a professora Jacqueline \u00d3liveir.<\/p>\n<p>No domingo, a anima\u00e7\u00e3o ficar\u00e1 por conta da apresenta\u00e7\u00e3o da equipe de futebol americano Maca\u00e9 Oilers, \u00e0s 8h. Logo depois, ser\u00e1 a vez do Torneio de Beach Soccer Masculino, das 11h \u00e0s 18h. Ser\u00e3o as categorias sub 7, 9, 11 e 13 (masculino) e feminino adulto. J\u00e1 a partir das 14h at\u00e9 18h ser\u00e1 realizado o Torneio Interno de Taekwondo.<\/p>\n<p>O Sesc Ver\u00e3o segue at\u00e9 9 de fevereiro, na Praia dos Cavaleiros, com entretenimento para todas as idades.<\/p>\n<p><strong>Confira a programa\u00e7\u00e3o completa:<\/strong><\/p>\n<p><strong>31\/1 &#8211; sexta<\/strong><\/p>\n<p>9h &#8211; EXPOSI\u00c7\u00c3O COL\u00cdRIO DA CIDADE DE MACA\u00c9<\/p>\n<p>14h &#8211; ARENA RADICAL &#8211; MACA\u00c9<\/p>\n<p>19h30 &#8211; CINESESC 2020 &#8211; FESTIVAL DO RIO<\/p>\n<p><strong>1\/2 &#8211; s\u00e1bado<\/strong><\/p>\n<p>7h30 \u00e0s 18h \u2013 TORNEIO DE BEACH SOCCER MASCULINO<\/p>\n<p>* CATEGRORIAS SUB 7, 9, 11 e 13<\/p>\n<p>* CATEGORIA FEMININO ADULTO<\/p>\n<p>8h \u2013 PILATES COM A PROFESSORA GRACY MACHADO<\/p>\n<p>9h &#8211; EXPOSI\u00c7\u00c3O COL\u00cdRIOS DA CIDADE DE MACA\u00c9<\/p>\n<p>9h &#8211; CL\u00cdNICA DE ALTINHA COM PATRICINHA FUT<\/p>\n<p>9h \u2013 AULA DE ZUMBA \u2013 PROFESSORA JACQUELINE \u00d3LIVEIR<\/p>\n<p>14h &#8211; CL\u00cdNICA DE ALTINHA COM PATRICINHA FUT<\/p>\n<p>18h30 \u2013 SHOW COM A BANDA BLACKDOZE<\/p>\n<p>19h30 &#8211; CINESESC 2020 &#8211; FESTIVAL DO RIO<\/p>\n<p><strong>2\/2 &#8211; domingo<\/strong><\/p>\n<p>8h &#8211; APRESENTA\u00c7\u00c3O DA EQUIPE DE FUTEBOL AMERICANO MACA\u00c9 OILERS<\/p>\n<p>9h &#8211; EXPOSI\u00c7\u00c3O COL\u00cdRIOS DA CIDADE DE MACA\u00c9<\/p>\n<p>11h \u00c0S 18h &#8211; TORNEIO DE BEACH SOCCER MASCULINO<\/p>\n<p>* CATEGRORIAS SUB 7, 9, 11 e 13<\/p>\n<p>* CATEGORIA FEMININO ADULTO<\/p>\n<p>14h \u00e0s 18h \u2013 TORNEIO INTERNO DE TAEKWONDO<\/p>\n<p>19h30 &#8211; CINESESC 2020 &#8211; FESTIVAL DO RIO<\/p>\n<p><strong>8\/2 &#8211; s\u00e1bado<\/strong><\/p>\n<p>7h30 \u00e0s 18h \u2013 TORNEIO DE BEACH SOCCER MASCULINO<\/p>\n<p>* CATEGRORIAS SUB 7, 9, 11 e 13<\/p>\n<p>* CATEGORIA FEMININO ADULTO<\/p>\n<p>9h &#8211; EXPOSI\u00c7\u00c3O COL\u00cdRIOS DA CIDADE DE MACA\u00c9<\/p>\n<p>9h &#8211; CL\u00cdNICA DE VOLEI DE PRAIA &#8211; JACKIE SILVA<\/p>\n<p>14h &#8211; CL\u00cdNICA DE VOLEI DE PRAIA &#8211; JACKIE SILVA<\/p>\n<p>18h30 \u2013 SHOW COM RICARDO BADAR\u00d3<\/p>\n<p><strong>9\/2 \u2013 domingo<\/strong><\/p>\n<p>7h30 \u00e0s 13h \u2013 TORNEIO DE BEACH SOCCER MASCULINO<\/p>\n<p>* CATEGRORIAS SUB 7, 9, 11 e 13<\/p>\n<p>* CATEGORIA FEMININO ADULTO<\/p>\n<p>9h &#8211; EXPOSI\u00c7\u00c3O COL\u00cdRIOS DA CIDADE DE MACA\u00c9<\/p>\n<p>9h &#8211; CL\u00cdNICA DE VOLEI DE PRAIA &#8211; JACKIE SILVA<\/p>\n<p>14h &#8211; CL\u00cdNICA DE VOLEI DE PRAIA &#8211; JACKIE SILVA<\/p>\n<p><a href=\"http:\/\/www.macae.rj.gov.br\/noticias\/leitura\/noticia\/sesc-verao-banda-blackdoze-e-atracao-de-sabado\" target=\"_blank\" rel=\"noopener noreferrer\">Fonte: Prefeitura de Maca\u00e9<\/a><br \/>\nJornalista: Tatiana Gama<br \/>\n<b>Foto:<\/b>\u00a0Divulga\u00e7\u00e3o<\/p>\n","protected":false},"excerpt":{"rendered":"<p>A banda Blackdoze ser\u00e1 a atra\u00e7\u00e3o deste s\u00e1bado (1\u00ba), \u00e0s 18h30, do Sesc Ver\u00e3o Maca\u00e9 2020. O p\u00fablico poder\u00e1 curtir<\/p>\n","protected":false},"author":7,"featured_media":15577,"comment_status":"open","ping_status":"open","sticky":false,"template":"","format":"standard","meta":{"footnotes":""},"categories":[177],"tags":[288],"class_list":["post-15576","post","type-post","status-publish","format-standard","has-post-thumbnail","hentry","category-materias","tag-macae"],"_links":{"self":[{"href":"https:\/\/www.azullimao.com.br\/portal\/wp-json\/wp\/v2\/posts\/15576","targetHints":{"allow":["GET"]}}],"collection":[{"href":"https:\/\/www.azullimao.com.br\/portal\/wp-json\/wp\/v2\/posts"}],"about":[{"href":"https:\/\/www.azullimao.com.br\/portal\/wp-json\/wp\/v2\/types\/post"}],"author":[{"embeddable":true,"href":"https:\/\/www.azullimao.com.br\/portal\/wp-json\/wp\/v2\/users\/7"}],"replies":[{"embeddable":true,"href":"https:\/\/www.azullimao.com.br\/portal\/wp-json\/wp\/v2\/comments?post=15576"}],"version-history":[{"count":4,"href":"https:\/\/www.azullimao.com.br\/portal\/wp-json\/wp\/v2\/posts\/15576\/revisions"}],"predecessor-version":[{"id":15581,"href":"https:\/\/www.azullimao.com.br\/portal\/wp-json\/wp\/v2\/posts\/15576\/revisions\/15581"}],"wp:featuredmedia":[{"embeddable":true,"href":"https:\/\/www.azullimao.com.br\/portal\/wp-json\/wp\/v2\/media\/15577"}],"wp:attachment":[{"href":"https:\/\/www.azullimao.com.br\/portal\/wp-json\/wp\/v2\/media?parent=15576"}],"wp:term":[{"taxonomy":"category","embeddable":true,"href":"https:\/\/www.azullimao.com.br\/portal\/wp-json\/wp\/v2\/categories?post=15576"},{"taxonomy":"post_tag","embeddable":true,"href":"https:\/\/www.azullimao.com.br\/portal\/wp-json\/wp\/v2\/tags?post=15576"}],"curies":[{"name":"wp","href":"https:\/\/api.w.org\/{rel}","templated":true}]}}