{"id":15517,"date":"2020-01-16T17:24:37","date_gmt":"2020-01-16T20:24:37","guid":{"rendered":"http:\/\/www.azullimao.com.br\/portal\/?p=15517"},"modified":"2020-01-16T17:26:46","modified_gmt":"2020-01-16T20:26:46","slug":"tepor-terminal-portuario-de-macae-comecara-absorver-mao-de-obra-neste-semestre","status":"publish","type":"post","link":"https:\/\/www.azullimao.com.br\/portal\/materias\/tepor-terminal-portuario-de-macae-comecara-absorver-mao-de-obra-neste-semestre\/","title":{"rendered":"Tepor &#8211; Terminal Portu\u00e1rio de Maca\u00e9 come\u00e7ar\u00e1 absorver m\u00e3o de obra neste semestre"},"content":{"rendered":"<p>A obra do Terminal Portu\u00e1rio de Maca\u00e9 (Tepor), prevista para come\u00e7ar ainda neste semestre, ir\u00e1 gerar na primeira fase da constru\u00e7\u00e3o, 2 mil postos de trabalho, com a expectativa de chegar, em tr\u00eas anos, a 7 mil vagas. O assunto foi tema do encontro entre o secret\u00e1rio adjunto de Trabalho e Renda, Igor Rom\u00e3o e o consultor do Tepor, Jos\u00e9 Eduardo Carramenha, realizado nesta quinta-feira (16).<\/p>\n<p>As primeiras vagas ser\u00e3o para as \u00e1reas de constru\u00e7\u00e3o civil e industrial, entre elas, ajudante, pedreiro, encarregado de obras, carpinteiro, montador de andaime, t\u00e9cnico de edifica\u00e7\u00f5es, t\u00e9cnico de seguran\u00e7a de trabalho, inspetor de solda, soldador, eletricista, t\u00e9cnico de automa\u00e7\u00e3o e outras.<\/p>\n<p>\u201cAs obras ir\u00e3o come\u00e7ar ainda no primeiro semestre. A primeira fase tem previs\u00e3o de tr\u00eas anos, com investimento de 12 bilh\u00f5es de d\u00f3lares, incrementando um bilh\u00e3o de d\u00f3lares no PIB do munic\u00edpio, al\u00e9m de R$ 120 milh\u00f5es por ano no ICMS de Maca\u00e9. Al\u00e9m disso, a expectativa \u00e9 chegar a 17 mil vagas no total das obras\u201d, disse Igor Rom\u00e3o.<\/p>\n<p>Igor acrescentou que o projeto do Tepor \u00e9 formado por sete blocos, entre eles, g\u00e1s, \u00f3leo, mar\u00edtimo de petr\u00f3leo, transportu\u00e1ria e tr\u00eas \u00e1reas de res\u00edduos. Segundo ele, o mercado ser\u00e1 acrescido ainda pelas instala\u00e7\u00f5es de 14 termel\u00e9tricas, sendo oito com licen\u00e7as ambientais j\u00e1 liberadas e uma em constru\u00e7\u00e3o na RJ-168. \u201cO g\u00e1s produzido ir\u00e1 atender 14 termel\u00e9tricas, gerando energia equivalente a uma Itaipu. J\u00e1 o excedente ser\u00e1 alocado para ind\u00fastria petroqu\u00edmica, a ser criada no Parque Industrial. O cora\u00e7\u00e3o do Tepor vai ser a planta de g\u00e1s\u201d, explicou o secret\u00e1rio.<\/p>\n<p>Ap\u00f3s as obras, grande parte da m\u00e3o de obra ser\u00e1 absorvida pelas empresas, que oferecer\u00e3o, ainda, treinamento internacional. \u201cPor isso, a import\u00e2ncia desses trabalhadores estarem se qualificando. O poder p\u00fablico estar\u00e1 promovendo diversas parcerias para contribuir com essa qualifica\u00e7\u00e3o. Outra l\u00edngua como o Ingl\u00eas, por exemplo, ser\u00e1 fundamental\u201d, ressaltou o secret\u00e1rio.<\/p>\n<p>A opera\u00e7\u00e3o do porto vai aumentar a participa\u00e7\u00e3o de Maca\u00e9 no arranjo nacional de petr\u00f3leo e g\u00e1s, evitando que essa demanda se direcione para outros munic\u00edpios ou regi\u00f5es do pa\u00eds, al\u00e9m de fomentar a diversifica\u00e7\u00e3o de investimentos, atraindo ind\u00fastrias de transforma\u00e7\u00e3o para a retro\u00e1rea terci\u00e1ria do Tepor. A iniciativa est\u00e1 ligada ao Projeto Avan\u00e7a Maca\u00e9 (Lei Complementar 03\/2018), lan\u00e7ado pelo prefeito Dr. Aluizio com o objetivo de garantir a inje\u00e7\u00e3o de novos recursos e investimentos nas atividades do munic\u00edpio.<\/p>\n<p><a href=\"http:\/\/www.macae.rj.gov.br\/noticias\/leitura\/noticia\/tepor-comecara-absorver-mao-de-obra-neste-semestre\" target=\"_blank\" rel=\"noopener noreferrer\">Fonte: Prefeitura de Maca\u00e9<\/a><br \/>\nJornalista: Tatiana Gama<\/p>\n","protected":false},"excerpt":{"rendered":"<p>A obra do Terminal Portu\u00e1rio de Maca\u00e9 (Tepor), prevista para come\u00e7ar ainda neste semestre, ir\u00e1 gerar na primeira fase da<\/p>\n","protected":false},"author":7,"featured_media":15519,"comment_status":"open","ping_status":"open","sticky":false,"template":"","format":"standard","meta":{"footnotes":""},"categories":[177],"tags":[],"class_list":["post-15517","post","type-post","status-publish","format-standard","has-post-thumbnail","hentry","category-materias"],"_links":{"self":[{"href":"https:\/\/www.azullimao.com.br\/portal\/wp-json\/wp\/v2\/posts\/15517","targetHints":{"allow":["GET"]}}],"collection":[{"href":"https:\/\/www.azullimao.com.br\/portal\/wp-json\/wp\/v2\/posts"}],"about":[{"href":"https:\/\/www.azullimao.com.br\/portal\/wp-json\/wp\/v2\/types\/post"}],"author":[{"embeddable":true,"href":"https:\/\/www.azullimao.com.br\/portal\/wp-json\/wp\/v2\/users\/7"}],"replies":[{"embeddable":true,"href":"https:\/\/www.azullimao.com.br\/portal\/wp-json\/wp\/v2\/comments?post=15517"}],"version-history":[{"count":2,"href":"https:\/\/www.azullimao.com.br\/portal\/wp-json\/wp\/v2\/posts\/15517\/revisions"}],"predecessor-version":[{"id":15520,"href":"https:\/\/www.azullimao.com.br\/portal\/wp-json\/wp\/v2\/posts\/15517\/revisions\/15520"}],"wp:featuredmedia":[{"embeddable":true,"href":"https:\/\/www.azullimao.com.br\/portal\/wp-json\/wp\/v2\/media\/15519"}],"wp:attachment":[{"href":"https:\/\/www.azullimao.com.br\/portal\/wp-json\/wp\/v2\/media?parent=15517"}],"wp:term":[{"taxonomy":"category","embeddable":true,"href":"https:\/\/www.azullimao.com.br\/portal\/wp-json\/wp\/v2\/categories?post=15517"},{"taxonomy":"post_tag","embeddable":true,"href":"https:\/\/www.azullimao.com.br\/portal\/wp-json\/wp\/v2\/tags?post=15517"}],"curies":[{"name":"wp","href":"https:\/\/api.w.org\/{rel}","templated":true}]}}