{"id":15486,"date":"2020-01-09T19:24:48","date_gmt":"2020-01-09T22:24:48","guid":{"rendered":"http:\/\/www.azullimao.com.br\/portal\/?p=15486"},"modified":"2020-01-09T19:25:36","modified_gmt":"2020-01-09T22:25:36","slug":"cap-comeca-o-ano-funcionando-na-cidade-universitaria","status":"publish","type":"post","link":"https:\/\/www.azullimao.com.br\/portal\/materias\/cap-comeca-o-ano-funcionando-na-cidade-universitaria\/","title":{"rendered":"CAp come\u00e7a o ano funcionando na Cidade Universit\u00e1ria"},"content":{"rendered":"<p>Os alunos do Col\u00e9gio de Aplica\u00e7\u00e3o (CAp), da Prefeitura de Maca\u00e9, iniciam este ano letivo, no dia 4 de fevereiro, em novo endere\u00e7o: na Cidade Universit\u00e1ria. O CAp ter\u00e1 espa\u00e7o no bloco A compartilhado com a Faculdade Municipal Miguel \u00c2ngelo da Silva Santos (FeMASS), ambos mantidos pelo munic\u00edpio, atrav\u00e9s da Secretaria Municipal de Educa\u00e7\u00e3o. As informa\u00e7\u00f5es foram passadas pela diretora titular do col\u00e9gio, professora Wanessa Leal.<\/p>\n<p>Ela lembrou que 2020 representar\u00e1 o marco para o CAp, que completa este ano 10 anos de funda\u00e7\u00e3o e alunos veteranos, professores e funcion\u00e1rios est\u00e3o em ritmo de expectativa com a mudan\u00e7a. O CAp atende em hor\u00e1rio integral alunos do 1\u00ba ao 3\u00ba anos do Ensino M\u00e9dio.<\/p>\n<p>A diretora destacou que a mudan\u00e7a para a Cidade Universit\u00e1ria contribuir\u00e1 para que os alunos do Ensino M\u00e9dio do CAp passem a conviver com o ambiente universit\u00e1rio no qual eles pretendem estar inseridos se preparando para fazer um curso superior. Al\u00e9m disso, tem o fato de o munic\u00edpio economizar com o aluguel do pr\u00e9dio alugado \u00e0 Alameda Raimundo Corr\u00eaa, 151, no bairro Novo Cavaleiros; j\u00e1 a Cidade Universit\u00e1ria \u00e9 da prefeitura.<\/p>\n<p>A mudan\u00e7a do CAp ocorrer\u00e1 porque a prefeitura construiu o bloco D, no polo que ser\u00e1 entregue pelo munic\u00edpio \u00e0 Universidade Federal Fluminense (UFF) que funciona em Maca\u00e9 compartilhando espa\u00e7o com a FeMASS, no bloco A. Na Cidade Universit\u00e1ria funciona, ainda, a Universidade Federal do Rio de Janeiro (UFRJ), que ocupa os blocos C e D, tamb\u00e9m sob concess\u00e3o do munic\u00edpio.<\/p>\n<p><strong>Conhe\u00e7a o CAp<\/strong><\/p>\n<p>A nova sede \u00e9 uma das conquistas do CAp. No recente processo seletivo, realizado em 2019, o col\u00e9gio teve ampliado o n\u00famero de novos alunos de 70 para 100 na sele\u00e7\u00e3o p\u00fablica para admiss\u00e3o a partir deste ano, projeto da Secretaria Municipal Adjunta de Ensino Superior, vinculada \u00e0 Secretaria de Educa\u00e7\u00e3o.<\/p>\n<p>O CAp foi considerado a melhor escola p\u00fablica municipal de Ensino M\u00e9dio do Brasil, de acordo com o resultado do desempenho das escolas no Exame Nacional do Ensino M\u00e9dio (Enem &#8211; 2018), divulgado, em junho de 2019, pelo Instituto Nacional de Estudos e Pesquisas Educacionais An\u00edsio Teixeira (Inep). Tamb\u00e9m ficou entre as 20 melhores escolas p\u00fablicas do Estado do Rio de Janeiro, a terceira melhor escola do munic\u00edpio de Maca\u00e9, incluindo as privadas, e a melhor escola p\u00fablica da Regi\u00e3o Norte Fluminense.<\/p>\n<p>O col\u00e9gio lidera o ranking do Enem por v\u00e1rios anos seguidos e os resultados enchem de orgulho toda a equipe que encerrou 2018 com 202 alunos e 36 professores, al\u00e9m de servidores t\u00e9cnico-administrativos. O col\u00e9gio acumula resultados positivos em todas as esferas: municipal, regional, estadual e nacional e tem \u00edndice de cerca de 65% de aprova\u00e7\u00e3o de alunos em universidades p\u00fablicas e privadas.<\/p>\n<p><a href=\"http:\/\/www.macae.rj.gov.br\/noticias\/leitura\/noticia\/cap-comeca-o-ano-funcionando-na-cidade-universitaria\" target=\"_blank\" rel=\"noopener noreferrer\">Fonte: Prefeitura de Maca\u00e9<\/a><br \/>\nJornalista: Elis Regina Nuffer<\/p>\n","protected":false},"excerpt":{"rendered":"<p>Os alunos do Col\u00e9gio de Aplica\u00e7\u00e3o (CAp), da Prefeitura de Maca\u00e9, iniciam este ano letivo, no dia 4 de fevereiro,<\/p>\n","protected":false},"author":7,"featured_media":15488,"comment_status":"open","ping_status":"open","sticky":false,"template":"","format":"standard","meta":{"footnotes":""},"categories":[177],"tags":[2153,288],"class_list":["post-15486","post","type-post","status-publish","format-standard","has-post-thumbnail","hentry","category-materias","tag-cap","tag-macae"],"_links":{"self":[{"href":"https:\/\/www.azullimao.com.br\/portal\/wp-json\/wp\/v2\/posts\/15486","targetHints":{"allow":["GET"]}}],"collection":[{"href":"https:\/\/www.azullimao.com.br\/portal\/wp-json\/wp\/v2\/posts"}],"about":[{"href":"https:\/\/www.azullimao.com.br\/portal\/wp-json\/wp\/v2\/types\/post"}],"author":[{"embeddable":true,"href":"https:\/\/www.azullimao.com.br\/portal\/wp-json\/wp\/v2\/users\/7"}],"replies":[{"embeddable":true,"href":"https:\/\/www.azullimao.com.br\/portal\/wp-json\/wp\/v2\/comments?post=15486"}],"version-history":[{"count":2,"href":"https:\/\/www.azullimao.com.br\/portal\/wp-json\/wp\/v2\/posts\/15486\/revisions"}],"predecessor-version":[{"id":15490,"href":"https:\/\/www.azullimao.com.br\/portal\/wp-json\/wp\/v2\/posts\/15486\/revisions\/15490"}],"wp:featuredmedia":[{"embeddable":true,"href":"https:\/\/www.azullimao.com.br\/portal\/wp-json\/wp\/v2\/media\/15488"}],"wp:attachment":[{"href":"https:\/\/www.azullimao.com.br\/portal\/wp-json\/wp\/v2\/media?parent=15486"}],"wp:term":[{"taxonomy":"category","embeddable":true,"href":"https:\/\/www.azullimao.com.br\/portal\/wp-json\/wp\/v2\/categories?post=15486"},{"taxonomy":"post_tag","embeddable":true,"href":"https:\/\/www.azullimao.com.br\/portal\/wp-json\/wp\/v2\/tags?post=15486"}],"curies":[{"name":"wp","href":"https:\/\/api.w.org\/{rel}","templated":true}]}}