{"id":15472,"date":"2020-01-02T11:10:26","date_gmt":"2020-01-02T14:10:26","guid":{"rendered":"http:\/\/www.azullimao.com.br\/portal\/?p=15472"},"modified":"2020-01-02T11:10:26","modified_gmt":"2020-01-02T14:10:26","slug":"comercio-informal-cadastro-e-recadastro-acontecem-ate-31-de-janeiro","status":"publish","type":"post","link":"https:\/\/www.azullimao.com.br\/portal\/materias\/comercio-informal-cadastro-e-recadastro-acontecem-ate-31-de-janeiro\/","title":{"rendered":"Com\u00e9rcio informal: cadastro e recadastro acontecem at\u00e9 31 de janeiro"},"content":{"rendered":"<p>Aten\u00e7\u00e3o comerciantes informais! At\u00e9 o dia 31 de janeiro acontecem o cadastro e o recadastro para exerc\u00edcio das atividades de 2020. A regulariza\u00e7\u00e3o \u00e9 obrigat\u00f3ria e visa promover o ordenamento do munic\u00edpio, oferecendo oportunidades de trabalho conforme crit\u00e9rios da legisla\u00e7\u00e3o. De acordo com a coordenadoria de Posturas, da Secretaria de Fazenda, a expectativa \u00e9 que o n\u00famero total chegue a 450 solicita\u00e7\u00f5es.<\/p>\n<p>O ambulante deve comparecer ao protocolo geral da Prefeitura de Maca\u00e9, localizado na Avenida Presidente Sodr\u00e9, 534, t\u00e9rreo &#8211; Centro, onde dever\u00e1 apresentar os seguintes documentos: nos casos de recadastramento, c\u00f3pia da credencial anterior, foto 3&#215;4, atestado de sa\u00fade atualizado, c\u00f3pia do certificado de regulariza\u00e7\u00e3o sanit\u00e1ria de ambulantes (CRSA), em caso de alimentos. J\u00e1 para novo cadastro, \u00e9 preciso, tamb\u00e9m, c\u00f3pia do CPF, t\u00edtulo do eleitor e comprovante de resid\u00eancia. O atendimento acontece das 8h \u00e0s 17h.<\/p>\n<p>O coordenador de Posturas, Paulo Ivo, explica que o com\u00e9rcio informal \u00e9 exercido por pessoas f\u00edsicas que ocupam logradouros p\u00fablicos como ruas, pra\u00e7as, praias e terminais rodovi\u00e1rios, em pontos fixos ou ambulantes. Segundo ele, al\u00e9m de proporcionar o ordenamento do munic\u00edpio, a autoriza\u00e7\u00e3o evita que eles sejam penalizados. &#8220;Os fiscais da Prefeitura de Maca\u00e9 est\u00e3o aptos para apreens\u00e3o das mercadorias, caso o comerciante informal n\u00e3o esteja cadastrado. Os produtos ficam em dep\u00f3sito da administra\u00e7\u00e3o municipal e, para reav\u00ea-los, \u00e9 necess\u00e1rio o pagamento de multa no valor de valor de 600 URMS, o que equivale a R$ 360.99\u201d, destacou o coordenador.<\/p>\n<p>Outras informa\u00e7\u00f5es podem ser solicitadas pelo telefone 2765.8700, ramal 260.<\/p>\n<p><a href=\"http:\/\/www.macae.rj.gov.br\/noticias\/leitura\/noticia\/comercio-informal-cadastro-e-recadastro-acontecem-ate-31-de-janeiro\" target=\"_blank\" rel=\"noopener noreferrer\">Fonte: Prefeitura de Maca\u00e9<\/a><br \/>\nJornalista: Equipe Secom<br \/>\n<b>Foto:<\/b> Jo\u00e3o Barreto<\/p>\n","protected":false},"excerpt":{"rendered":"<p>Aten\u00e7\u00e3o comerciantes informais! At\u00e9 o dia 31 de janeiro acontecem o cadastro e o recadastro para exerc\u00edcio das atividades de<\/p>\n","protected":false},"author":7,"featured_media":15473,"comment_status":"open","ping_status":"open","sticky":false,"template":"","format":"standard","meta":{"footnotes":""},"categories":[177],"tags":[],"class_list":["post-15472","post","type-post","status-publish","format-standard","has-post-thumbnail","hentry","category-materias"],"_links":{"self":[{"href":"https:\/\/www.azullimao.com.br\/portal\/wp-json\/wp\/v2\/posts\/15472","targetHints":{"allow":["GET"]}}],"collection":[{"href":"https:\/\/www.azullimao.com.br\/portal\/wp-json\/wp\/v2\/posts"}],"about":[{"href":"https:\/\/www.azullimao.com.br\/portal\/wp-json\/wp\/v2\/types\/post"}],"author":[{"embeddable":true,"href":"https:\/\/www.azullimao.com.br\/portal\/wp-json\/wp\/v2\/users\/7"}],"replies":[{"embeddable":true,"href":"https:\/\/www.azullimao.com.br\/portal\/wp-json\/wp\/v2\/comments?post=15472"}],"version-history":[{"count":1,"href":"https:\/\/www.azullimao.com.br\/portal\/wp-json\/wp\/v2\/posts\/15472\/revisions"}],"predecessor-version":[{"id":15474,"href":"https:\/\/www.azullimao.com.br\/portal\/wp-json\/wp\/v2\/posts\/15472\/revisions\/15474"}],"wp:featuredmedia":[{"embeddable":true,"href":"https:\/\/www.azullimao.com.br\/portal\/wp-json\/wp\/v2\/media\/15473"}],"wp:attachment":[{"href":"https:\/\/www.azullimao.com.br\/portal\/wp-json\/wp\/v2\/media?parent=15472"}],"wp:term":[{"taxonomy":"category","embeddable":true,"href":"https:\/\/www.azullimao.com.br\/portal\/wp-json\/wp\/v2\/categories?post=15472"},{"taxonomy":"post_tag","embeddable":true,"href":"https:\/\/www.azullimao.com.br\/portal\/wp-json\/wp\/v2\/tags?post=15472"}],"curies":[{"name":"wp","href":"https:\/\/api.w.org\/{rel}","templated":true}]}}