{"id":15149,"date":"2019-11-22T10:17:39","date_gmt":"2019-11-22T13:17:39","guid":{"rendered":"http:\/\/www.azullimao.com.br\/portal\/?p=15149"},"modified":"2019-11-22T10:17:39","modified_gmt":"2019-11-22T13:17:39","slug":"inscricoes-para-1a-feira-de-oportunidades-seguem-ate-4-de-dezembro","status":"publish","type":"post","link":"https:\/\/www.azullimao.com.br\/portal\/materias\/inscricoes-para-1a-feira-de-oportunidades-seguem-ate-4-de-dezembro\/","title":{"rendered":"Inscri\u00e7\u00f5es para 1\u00aa Feira de Oportunidades seguem at\u00e9 4 de dezembro"},"content":{"rendered":"<p>As inscri\u00e7\u00f5es para as empresas e empreendedores que ofertam vagas de emprego, de Jovem Aprendiz, est\u00e1gio e oportunidades para Pessoa com Defici\u00eancia e desejam participar da 1\u00aa Feira de Oportunidades seguem at\u00e9 o dia 4 de dezembro. O evento ser\u00e1 realizado dia 11 de dezembro, de 8h \u00e0s 17h, no Centro de Conven\u00e7\u00f5es Jornalista Roberto Marinho e \u00e9 organizado pelas Secretarias Adjuntas de Trabalho e Renda, de Qualifica\u00e7\u00e3o Profissional e de Ensino Superior. Os interessados devem fazer a\u00a0<strong><u><a href=\"https:\/\/docs.google.com\/forms\/d\/1Cs29Yj2Zsw-OIm-AFlVSXMWno5_H4QS7l_EmrFprIE8\/edit?ts=5dc1a594\" target=\"_blank\" rel=\"noopener noreferrer\">inscri\u00e7\u00e3o por este link<\/a><\/u><\/strong>. As inscri\u00e7\u00f5es s\u00e3o gratuitas.<\/p>\n<p>O objetivo \u00e9 contribuir na gera\u00e7\u00e3o de oportunidades de emprego, est\u00e1gio e solu\u00e7\u00f5es tecnol\u00f3gicas para suprir as demandas do setor produtivo, beneficiando tamb\u00e9m as empresas, que poder\u00e3o divulgar suas marcas e conhecer profissionais dispon\u00edveis no mercado.<\/p>\n<p>Durante o evento profissionais, empres\u00e1rios poder\u00e3o discutir junto ao p\u00fablico sobre o fututo do mercado de trabalho na regi\u00e3o. Ser\u00e3o oferecidos tamb\u00e9m palestras e workshops para preparar o p\u00fablico-alvo para os desafios da carreira profissional e abordados diversos assuntos, desde a elabora\u00e7\u00e3o de um curr\u00edculo, prepara\u00e7\u00e3o para entrevista, empreendedorismo e empregabilidade. Al\u00e9m de ofertas de empregos, est\u00e1gios e orienta\u00e7\u00e3o aos empreendedores.<\/p>\n<p>A feira \u00e9 voltada para jovens, adultos e estudantes universit\u00e1rios. Mais informa\u00e7\u00f5es poder\u00e3o ser obtidas pelo telefone 2796-1299 ou pelo e-mail\u00a0<a href=\"mailto:semtre@macae.rj.gov.br\"><strong>semtre@macae.rj.gov.br<\/strong><\/a>.<\/p>\n<p><a href=\"http:\/\/www.macae.rj.gov.br\/noticias\/leitura\/noticia\/inscricoes-para-1-feira-de-oportunidades-seguem-ate-4-de-dezembro\" target=\"_blank\" rel=\"noopener noreferrer\">Fonte: Prefeitura de Maca\u00e9<\/a><br \/>\nJornalista: Equipe Secom<br \/>\n<b>Foto:<\/b>\u00a0Arquivo Secom<\/p>\n","protected":false},"excerpt":{"rendered":"<p>As inscri\u00e7\u00f5es para as empresas e empreendedores que ofertam vagas de emprego, de Jovem Aprendiz, est\u00e1gio e oportunidades para Pessoa<\/p>\n","protected":false},"author":7,"featured_media":15150,"comment_status":"open","ping_status":"open","sticky":false,"template":"","format":"standard","meta":{"footnotes":""},"categories":[177],"tags":[],"class_list":["post-15149","post","type-post","status-publish","format-standard","has-post-thumbnail","hentry","category-materias"],"_links":{"self":[{"href":"https:\/\/www.azullimao.com.br\/portal\/wp-json\/wp\/v2\/posts\/15149","targetHints":{"allow":["GET"]}}],"collection":[{"href":"https:\/\/www.azullimao.com.br\/portal\/wp-json\/wp\/v2\/posts"}],"about":[{"href":"https:\/\/www.azullimao.com.br\/portal\/wp-json\/wp\/v2\/types\/post"}],"author":[{"embeddable":true,"href":"https:\/\/www.azullimao.com.br\/portal\/wp-json\/wp\/v2\/users\/7"}],"replies":[{"embeddable":true,"href":"https:\/\/www.azullimao.com.br\/portal\/wp-json\/wp\/v2\/comments?post=15149"}],"version-history":[{"count":1,"href":"https:\/\/www.azullimao.com.br\/portal\/wp-json\/wp\/v2\/posts\/15149\/revisions"}],"predecessor-version":[{"id":15151,"href":"https:\/\/www.azullimao.com.br\/portal\/wp-json\/wp\/v2\/posts\/15149\/revisions\/15151"}],"wp:featuredmedia":[{"embeddable":true,"href":"https:\/\/www.azullimao.com.br\/portal\/wp-json\/wp\/v2\/media\/15150"}],"wp:attachment":[{"href":"https:\/\/www.azullimao.com.br\/portal\/wp-json\/wp\/v2\/media?parent=15149"}],"wp:term":[{"taxonomy":"category","embeddable":true,"href":"https:\/\/www.azullimao.com.br\/portal\/wp-json\/wp\/v2\/categories?post=15149"},{"taxonomy":"post_tag","embeddable":true,"href":"https:\/\/www.azullimao.com.br\/portal\/wp-json\/wp\/v2\/tags?post=15149"}],"curies":[{"name":"wp","href":"https:\/\/api.w.org\/{rel}","templated":true}]}}