{"id":14999,"date":"2019-11-14T14:25:32","date_gmt":"2019-11-14T17:25:32","guid":{"rendered":"http:\/\/www.azullimao.com.br\/portal\/?p=14999"},"modified":"2019-11-14T14:27:27","modified_gmt":"2019-11-14T17:27:27","slug":"aberto-credenciamento-para-feira-de-oportunidades-de-macae","status":"publish","type":"post","link":"https:\/\/www.azullimao.com.br\/portal\/noticias-e-empregos\/aberto-credenciamento-para-feira-de-oportunidades-de-macae\/","title":{"rendered":"Aberto credenciamento para Feira de Oportunidades de Maca\u00e9"},"content":{"rendered":"<p>Est\u00e1 aberto o credenciamento de expositores interessados em participar da 1\u00aa Feira de Oportunidades de Maca\u00e9, que ser\u00e1 realizada pela Prefeitura de Maca\u00e9, no dia 26 deste m\u00eas, na Cidade Universit\u00e1ria, com foco na gera\u00e7\u00e3o de emprego, est\u00e1gio, qualifica\u00e7\u00e3o profissional, acessibilidade no mercado de trabalho e solu\u00e7\u00f5es tecnol\u00f3gicas para o setor produtivo do munic\u00edpio e regi\u00e3o. Os expositores interessados em participar devem se inscrever pelo seguinte link\u00a0<a href=\"https:\/\/forms.gle\/KfNo36Ag6jg5unsq7\" target=\"_blank\" rel=\"noopener noreferrer\">https:\/\/forms.gle\/KfNo36Ag6jg5unsq7<\/a>. A entrada ser\u00e1 gratuita e os visitantes n\u00e3o precisam se inscrever, somente as empresas.<\/p>\n<p>A Feira est\u00e1 sendo organizada em conjunto pela Secretaria Municipal de Educa\u00e7\u00e3o, atrav\u00e9s das Adjuntas de Qualifica\u00e7\u00e3o Profissional e Ensino M\u00e9dio e a do Ensino Superior, e pela Secretaria de Desenvolvimento Econ\u00f4mico, Trabalho e Renda, por meio da Secretaria Adjunta de Trabalho e Renda. O objetivo \u00e9 promover a aproxima\u00e7\u00e3o entre empresas, empreendedores, estudantes, profissionais, pessoa com defici\u00eancia e adolescentes do Jovem Aprendiz no universo de perspectivas do mercado de trabalho, empreendedorismo e inova\u00e7\u00e3o.<\/p>\n<p>\u201cEsta Feira representa um grande passo de Maca\u00e9 rumo ao futuro porque conecta as pessoas diretamente com o universo do mercado de trabalho, com oportunidades circulando o tempo todo no mesmo espa\u00e7o. O evento vai facilitar a vida de quem quer uma vaga, empreender, inovar ou apenas conhecer as oportunidades do setor produtivo de Maca\u00e9. \u00c9 importante a participa\u00e7\u00e3o das empresas, dos estudantes, dos profissionais e da popula\u00e7\u00e3o em geral. Esperamos todos para conhecerem as oportunidades que o munic\u00edpio oferece\u201d, destacou o secret\u00e1rio de Educa\u00e7\u00e3o, Guto Garcia.<\/p>\n<p>O evento ser\u00e1 uma oportunidade para as empresas interessadas em divulgar as suas marcas e fazer contato direto com profissionais dispon\u00edveis no mercado e com os estudantes do Ensino M\u00e9dio e Profissional ao Ensino Superior. A programa\u00e7\u00e3o ser\u00e1 das 9h \u00e0s 18h, e acontecer\u00e1 no Bloco B, da Universidade Federal do Rio de Janeiro (UFRJ), com atividades no audit\u00f3rio e no hall do campus (amplo espa\u00e7o t\u00e9rreo de circula\u00e7\u00e3o de pessoas).<\/p>\n<p>O painel de abertura reunir\u00e1 profissionais e\/ou empresas no debate sobre o futuro do mercado de trabalho da regi\u00e3o e haver\u00e1 palestra e\/ou Workshop para preparar o p\u00fablico para os desafios da carreira profissional, desde a elabora\u00e7\u00e3o do curr\u00edculo e prepara\u00e7\u00e3o para a entrevista at\u00e9 o empreendedorismo e empregabilidade. Haver\u00e1 ofertas de empregos, est\u00e1gios e orienta\u00e7\u00e3o aos empreendedores.<\/p>\n<p>Quem quiser mais informa\u00e7\u00f5es sobre a Feira de Oportunidades deve entrar em contato com a Secretaria de Trabalho e Renda, \u00e0 Avenida Presidente Sodr\u00e9, 466, 1\u00ba andar, no Centro de Maca\u00e9, ou pelo telefone (22) 2796.1299, das 8h \u00e1s 17h. O contato tamb\u00e9m pode ser feito pelo e-mail\u00a0<a href=\"mailto:semtrevagas@macae.rj.gov.br\">semtrevagas@macae.rj.gov.br<\/a>.<\/p>\n<p><a href=\"http:\/\/www.macae.rj.gov.br\/noticias\/leitura\/noticia\/aberto-credenciamento-para-feira-de-oportunidades-de-macae\" target=\"_blank\" rel=\"noopener noreferrer\">Fonte: Prefeitura de Maca\u00e9<\/a><br \/>\nJornalista: Elis Regina Nuffer<br \/>\n<b>Foto:<\/b>\u00a0Divulga\u00e7\u00e3o<\/p>\n","protected":false},"excerpt":{"rendered":"<p>Est\u00e1 aberto o credenciamento de expositores interessados em participar da 1\u00aa Feira de Oportunidades de Maca\u00e9, que ser\u00e1 realizada pela<\/p>\n","protected":false},"author":7,"featured_media":15000,"comment_status":"open","ping_status":"open","sticky":false,"template":"","format":"standard","meta":{"footnotes":""},"categories":[810],"tags":[288],"class_list":["post-14999","post","type-post","status-publish","format-standard","has-post-thumbnail","hentry","category-noticias-e-empregos","tag-macae"],"_links":{"self":[{"href":"https:\/\/www.azullimao.com.br\/portal\/wp-json\/wp\/v2\/posts\/14999","targetHints":{"allow":["GET"]}}],"collection":[{"href":"https:\/\/www.azullimao.com.br\/portal\/wp-json\/wp\/v2\/posts"}],"about":[{"href":"https:\/\/www.azullimao.com.br\/portal\/wp-json\/wp\/v2\/types\/post"}],"author":[{"embeddable":true,"href":"https:\/\/www.azullimao.com.br\/portal\/wp-json\/wp\/v2\/users\/7"}],"replies":[{"embeddable":true,"href":"https:\/\/www.azullimao.com.br\/portal\/wp-json\/wp\/v2\/comments?post=14999"}],"version-history":[{"count":2,"href":"https:\/\/www.azullimao.com.br\/portal\/wp-json\/wp\/v2\/posts\/14999\/revisions"}],"predecessor-version":[{"id":15002,"href":"https:\/\/www.azullimao.com.br\/portal\/wp-json\/wp\/v2\/posts\/14999\/revisions\/15002"}],"wp:featuredmedia":[{"embeddable":true,"href":"https:\/\/www.azullimao.com.br\/portal\/wp-json\/wp\/v2\/media\/15000"}],"wp:attachment":[{"href":"https:\/\/www.azullimao.com.br\/portal\/wp-json\/wp\/v2\/media?parent=14999"}],"wp:term":[{"taxonomy":"category","embeddable":true,"href":"https:\/\/www.azullimao.com.br\/portal\/wp-json\/wp\/v2\/categories?post=14999"},{"taxonomy":"post_tag","embeddable":true,"href":"https:\/\/www.azullimao.com.br\/portal\/wp-json\/wp\/v2\/tags?post=14999"}],"curies":[{"name":"wp","href":"https:\/\/api.w.org\/{rel}","templated":true}]}}