{"id":14927,"date":"2019-11-06T09:22:47","date_gmt":"2019-11-06T12:22:47","guid":{"rendered":"http:\/\/www.azullimao.com.br\/portal\/?p=14927"},"modified":"2019-11-06T09:22:47","modified_gmt":"2019-11-06T12:22:47","slug":"inscricoes-abertas-para-ii-seminario-olhares-academicos-sobre-macae","status":"publish","type":"post","link":"https:\/\/www.azullimao.com.br\/portal\/materias\/inscricoes-abertas-para-ii-seminario-olhares-academicos-sobre-macae\/","title":{"rendered":"Inscri\u00e7\u00f5es abertas para II Semin\u00e1rio \u2013 Olhares Acad\u00eamicos sobre Maca\u00e9"},"content":{"rendered":"<p>Continuam abertas, gratuitamente, as inscri\u00e7\u00f5es para o II Semin\u00e1rio \u2013 Olhares Acad\u00eamicos sobre Maca\u00e9: Crise Econ\u00f4mica e as Transforma\u00e7\u00f5es da Sociedade Macaense, que ser\u00e1 realizado nos dias 12 e 13 deste m\u00eas, no audit\u00f3rio do bloco B, da Universidade Federal do Rio de Janeiro (UFRJ), na Cidade Universit\u00e1ria. A entrada \u00e9 franca, mas, para participar, os interessados devem se inscrever, at\u00e9 o primeiro dia do evento pelo seguinte link:<strong>\u00a0<a href=\"http:\/\/twixar.me\/0s61\" target=\"_blank\" rel=\"noopener noreferrer\">http:\/\/twixar.me\/0s61<\/a><\/strong>.<\/p>\n<p>O semin\u00e1rio \u00e9 realizado pela Prefeitura de Maca\u00e9, atrav\u00e9s da Secretaria Municipal Adjunta de Ensino Superior, por meio do Observat\u00f3rio da Cidade. A programa\u00e7\u00e3o acontecer\u00e1 de manh\u00e3, das 8h ao meio-dia, e das 17h \u00e0s 21h, nos dois dias, ter\u00e7a e quarta-feiras, e os participantes receber\u00e3o certificado. O evento tem apoio da UFRJ-Maca\u00e9. A Educa\u00e7\u00e3o ganhou um painel s\u00f3 dela com an\u00e1lise dos \u00faltimos anos, passando pelo Pr\u00e9-Vestibular Social at\u00e9 as Startups, projeto de pesquisa, ci\u00eancia e inova\u00e7\u00e3o com solu\u00e7\u00f5es para Maca\u00e9, \u201cCidade do Saber e do Conhecimento\u201d.<\/p>\n<p>Ser\u00e3o apresentados quatro pain\u00e9is tem\u00e1ticos, com palestras ministradas por um grupo de autores do livro\u00a0<a href=\"http:\/\/www.macae.rj.gov.br\/ensinosuperior\/conteudo\/titulo\/e-book-macae-do-caos-ao-conhecimento\" target=\"_blank\" rel=\"noopener noreferrer\"><strong>\u201cMaca\u00e9, do Caos ao Conhecimento\u201d<\/strong><\/a>, lan\u00e7ado pelo Observat\u00f3rio da Cidade na 10\u00aa edi\u00e7\u00e3o da Brasil Offshore, em junho.<\/p>\n<p><a href=\"http:\/\/www.macae.rj.gov.br\/ensinosuperior\/conteudo\/titulo\/observatorio-da-cidade-de-macae\" target=\"_blank\" rel=\"noopener noreferrer\"><strong>O Observat\u00f3rio da Cidade<\/strong><\/a>\u00a0realizou o primeiro semin\u00e1rio em dezembro de 2018 e o livro \u00e9 uma colet\u00e2nea impressa das an\u00e1lises de 38 pesquisadores produzidas em artigos cient\u00edficos e lan\u00e7ado, tamb\u00e9m, na vers\u00e3o eletr\u00f4nica, podendo ser acessado, gratuitamente, pelo computador, celular ou tablet. O formato digital recebeu a certifica\u00e7\u00e3o International Standard Book Number\u00e9 (ISBN), norma internacional de identifica\u00e7\u00e3o editorial reconhecida pela International Organization for Standartization (ISO 2108 \u2013 1972) e est\u00e1 dispon\u00edvel no Portal da Prefeitura.<\/p>\n<p>A Ensino Superior \u00e9 vinculada \u00e0 Secretaria Municipal de Educa\u00e7\u00e3o e o Observat\u00f3rio re\u00fane um coletivo de pesquisadores de diversas Institui\u00e7\u00f5es de Ensino Superior (IES) do munic\u00edpio e regi\u00e3o, al\u00e9m de servidores municipais, organizados no N\u00facleo de Estudo e Pesquisa.<\/p>\n<p><strong>Programa\u00e7\u00e3o do II Semin\u00e1rio<\/strong><\/p>\n<p>O semin\u00e1rio ser\u00e1 aberto \u00e0s 8h30, com o tema central \u201cMaca\u00e9: Hist\u00f3ria, Identidade e Crises\u201d, com Meynardo Rocha de Carvalho (UniRio); em seguida, \u00e0s 9h, come\u00e7ar\u00e1 o Painel I sobre \u201cSa\u00fade e Assist\u00eancia Social: Desafios e Perspectivas\u201d com \u201cEstudo da Pobreza em Maca\u00e9\u201d, por Darana Carvalho de Azevedo (UFF-Niter\u00f3i\/Prefeitura de Maca\u00e9 &#8211; PMM); \u201cSa\u00fade em Maca\u00e9: Cen\u00e1rio Pr\u00e9 e P\u00f3s-Crise e seus Determinantes para a Sociedade\u201d, por Elaine Antonio Antunes Passos (PMM); e \u201cTrajet\u00f3ria da Aten\u00e7\u00e3o \u00e0 Sa\u00fade em Maca\u00e9\u201d, por In\u00eas Leoneza e a equipe do N\u00facleo de Sa\u00fade Coletiva da Universidade Federal do Rio de Janeiro (UFRJ). Este painel ser\u00e1 mediado por Janine Martins, da Secretaria Municipal de Desenvolvimento Social, Direitos Humanos e Acessibilidade de Maca\u00e9.<\/p>\n<p>O evento retorna \u00e0 tarde com lan\u00e7amento, \u00e0s 17h30, do livro \u201cRevis\u00e3o Hist\u00f3rica sobre o Tr\u00f3fico de Lagoas Costeiras do Estado do Rio de Janeiro\u201d, de Leonardo Bernardo Campaneli e Maur\u00edcio Mussi Molisani. \u00c0s 18h, come\u00e7ar\u00e1 o Painel II sobre \u201cA Cidade na Crise Contempor\u00e2nea do Petr\u00f3leo I\u201d, mediado por Gisele Muniz, Secretaria Municipal de Administra\u00e7\u00e3o\/Adjunta de Patrim\u00f4nio de Maca\u00e9. Os temas abordados ser\u00e3o: \u201cInfraestrutura Urbana em Maca\u00e9\u201d, por Giuliano Alves Borges e Silva (UFF-Maca\u00e9); \u201cCentros Tradicionais, Uso Misto e Identidade: uma An\u00e1lise sobre o Centro da Cidade\u201d, por Ana Carolina Barreto Couto e Silva (UFRJ); \u201cGest\u00e3o Integrada das \u00c1guas e Desenvolvimento Local\u201d, por Maria In\u00eas Paes Ferreira (IFF-Maca\u00e9); \u201cImpactos e Perspectivas Ambientais Diante da Crise do Petr\u00f3leo e da Reestrutura\u00e7\u00e3o Social e Econ\u00f4mica do Munic\u00edpio\u201d, por Maur\u00edcio Molisani (Nupem\/UFRJ); \u201cOnde o Rural e o Urbano se Encontram: import\u00e2ncia das Feiras de Agricultores para Maca\u00e9\u201d, por Denise Aparecida Pereira Siloto (Nupem\/UFRJ); e \u201cA Crise e seus Efeitos sobre o Turismo na Cidade\u201d, por Aline C\u00e9sar Jesus (PMM).<\/p>\n<p>No segundo e \u00faltimo dia do semin\u00e1rio, quarta-feira (13), a programa\u00e7\u00e3o come\u00e7a no mesmo hor\u00e1rio, das 8h ao meio-dia, de manh\u00e3, com reflex\u00f5es no Painel III sobre \u201cEduca\u00e7\u00e3o e Desenvolvimento Local\u201d, que iniciar\u00e1 \u00e0s 8h30. A mediadora ser\u00e1 a superintendente de Educa\u00e7\u00e3o B\u00e1sica da Secretaria Municipal de Educa\u00e7\u00e3o de Maca\u00e9, Balade Ayala. Os temas ser\u00e3o os seguintes: \u201cBreve An\u00e1lise da Educa\u00e7\u00e3o de Maca\u00e9 no Per\u00edodo de 2012-2018: Possibilidades P\u00f3s-Crise\u201d, por Cremilda Barreto Couto (UFF-RJ\/FeMASS); \u201cHeterog\u00eanese Urbana &amp; Felicidade Interna Bruta \u2013 Tempos de Crise: Pensar a Cidade e o Pr\u00e9-Vestibular Social\u201d, por Paulo de Tarso de Castro Peixoto (UFRJ\/PMM); \u201cUniversidade P\u00fablica e Desenvolvimento Local: a Experi\u00eancia de Maca\u00e9\u201d, por Meynardo Rocha de Carvalho (UniRio); \u201cDo Mundo da Escola para o Mundo do Trabalho: Trajet\u00f3rias Juvenis no Cen\u00e1rio de Reestrutura\u00e7\u00e3o Econ\u00f4mica\u201d, por Scheila Ribeiro de Abreu e Silva (Uenf\/PMM); e \u201cStartups Maca\u00e9: Pesquisa, Ci\u00eancia e Inova\u00e7\u00e3o\u201d, por Carlos Eduardo Lopes da Silva (UFRJ-Maca\u00e9).<\/p>\n<p>No retorno das atividades, \u00e0 tarde, ser\u00e1 o lan\u00e7amento do livro \u201cEngenharia &amp; Ci\u00eancias Ambientais: Contribui\u00e7\u00f5es \u00e0 Gest\u00e3o Ecossist\u00eamica\u201d, de Maria In\u00eas Paes Ferreira, Guilherme Sardenberg Barreto, Jader Lugon Junior, Jos\u00e9 Augusto Ferreira da Silva e Marcos Paulo Figueiredo Barros, \u00e0s 17h30. \u00c0s 18h, come\u00e7a o Painel IV sobre \u201cA Cidade na Crise Contempor\u00e2nea do Petr\u00f3leo II\u201d, mediado pelo secret\u00e1rio municipal adjunto de Ensino Superior, M\u00e1rcio Magini.<\/p>\n<p>Os temas ser\u00e3o abordados por Joseane de Souza (Uenf) que falar\u00e1 sobre \u201cMaca\u00e9, uma Cidade em Movimento\u201d; Denise Cunha Tavares Terra (Uenf), \u201cLimites e Possibilidades da Constru\u00e7\u00e3o de Arranjos Pol\u00edtico-institucionais de Coopera\u00e7\u00e3o Intermunicipal na Bacia de Campos&#8221;; Romeu e Silva Neto (IFF-Campos\/Isecensa), \u201cCen\u00e1rios da Economia do Petr\u00f3leo no Brasil: a Inser\u00e7\u00e3o e Perspectivas do Munic\u00edpio; Lia Hasenclever (Ucam-Campos), \u201cLimites dos Arranjos Produtivos Locais: Maca\u00e9 no Cen\u00e1rio de Reconfigura\u00e7\u00e3o da Cadeia de Petr\u00f3leo e G\u00e1s\u201d; e Vitor Yoshihara (IFF-Maca\u00e9), \u201cRetomada da Explora\u00e7\u00e3o e Produ\u00e7\u00e3o de Petr\u00f3leo no Norte Fluminense\u201d.<\/p>\n<p><a href=\"http:\/\/www.macae.rj.gov.br\/noticias\/leitura\/noticia\/inscricoes-abertas-para-ii-seminario-olhares-academicos-sobre-macae\" target=\"_blank\" rel=\"noopener noreferrer\">Fonte: Prefeitura de Maca\u00e9<\/a><br \/>\nJornalista: Elis Regina Nuffer<br \/>\n<b>Foto:<\/b>\u00a0Ana Chaffin &#8211; Arquivo Secom<\/p>\n","protected":false},"excerpt":{"rendered":"<p>Continuam abertas, gratuitamente, as inscri\u00e7\u00f5es para o II Semin\u00e1rio \u2013 Olhares Acad\u00eamicos sobre Maca\u00e9: Crise Econ\u00f4mica e as Transforma\u00e7\u00f5es da<\/p>\n","protected":false},"author":7,"featured_media":14928,"comment_status":"open","ping_status":"open","sticky":false,"template":"","format":"standard","meta":{"footnotes":""},"categories":[177],"tags":[288],"class_list":["post-14927","post","type-post","status-publish","format-standard","has-post-thumbnail","hentry","category-materias","tag-macae"],"_links":{"self":[{"href":"https:\/\/www.azullimao.com.br\/portal\/wp-json\/wp\/v2\/posts\/14927","targetHints":{"allow":["GET"]}}],"collection":[{"href":"https:\/\/www.azullimao.com.br\/portal\/wp-json\/wp\/v2\/posts"}],"about":[{"href":"https:\/\/www.azullimao.com.br\/portal\/wp-json\/wp\/v2\/types\/post"}],"author":[{"embeddable":true,"href":"https:\/\/www.azullimao.com.br\/portal\/wp-json\/wp\/v2\/users\/7"}],"replies":[{"embeddable":true,"href":"https:\/\/www.azullimao.com.br\/portal\/wp-json\/wp\/v2\/comments?post=14927"}],"version-history":[{"count":1,"href":"https:\/\/www.azullimao.com.br\/portal\/wp-json\/wp\/v2\/posts\/14927\/revisions"}],"predecessor-version":[{"id":14929,"href":"https:\/\/www.azullimao.com.br\/portal\/wp-json\/wp\/v2\/posts\/14927\/revisions\/14929"}],"wp:featuredmedia":[{"embeddable":true,"href":"https:\/\/www.azullimao.com.br\/portal\/wp-json\/wp\/v2\/media\/14928"}],"wp:attachment":[{"href":"https:\/\/www.azullimao.com.br\/portal\/wp-json\/wp\/v2\/media?parent=14927"}],"wp:term":[{"taxonomy":"category","embeddable":true,"href":"https:\/\/www.azullimao.com.br\/portal\/wp-json\/wp\/v2\/categories?post=14927"},{"taxonomy":"post_tag","embeddable":true,"href":"https:\/\/www.azullimao.com.br\/portal\/wp-json\/wp\/v2\/tags?post=14927"}],"curies":[{"name":"wp","href":"https:\/\/api.w.org\/{rel}","templated":true}]}}