{"id":14812,"date":"2019-10-24T15:38:51","date_gmt":"2019-10-24T18:38:51","guid":{"rendered":"http:\/\/www.azullimao.com.br\/portal\/?p=14812"},"modified":"2019-10-24T15:38:51","modified_gmt":"2019-10-24T18:38:51","slug":"inscricoes-abertas-para-curso-para-pessoas-com-deficiencia","status":"publish","type":"post","link":"https:\/\/www.azullimao.com.br\/portal\/materias\/inscricoes-abertas-para-curso-para-pessoas-com-deficiencia\/","title":{"rendered":"Inscri\u00e7\u00f5es abertas para curso para pessoas com defici\u00eancia"},"content":{"rendered":"<p>Para garantir empregabilidade para pessoas com defici\u00eancia e inclui-las na sociedade, possibilitando a elas maior autonomia, o Minist\u00e9rio P\u00fablico do Trabalho, a empresa Ocyan e o Servi\u00e7o Nacional de Aprendizagem Industrial (Senai) v\u00e3o realizar curso de Qualifica\u00e7\u00e3o Profissional em Auxiliar de Opera\u00e7\u00f5es em Log\u00edstica, para esse p\u00fablico. As inscri\u00e7\u00f5es s\u00e3o gratuitas e podem ser feitas at\u00e9 o dia 31 de outubro, das 9h \u00e0s 18h, no Senai-Maca\u00e9, na Estrada da Linha Azul, bairro Botafogo, telefone 0800 0231 231.<\/p>\n<p>Para fazer as inscri\u00e7\u00f5es em uma das 25 vagas, existem alguns pr\u00e9-requisitos: o requisitante dever\u00e1 ter idade acima dos 18 anos, ou completar essa idade at\u00e9 o dia da formatura (29\/06\/2020), al\u00e9m de apresentar laudo m\u00e9dico informando sua defici\u00eancia at\u00e9 31\/10\/2019. O curso ter\u00e1 in\u00edcio no dia 13 de janeiro de 2020. As aulas ser\u00e3o de segunda-feira a sexta-feira, de 13h \u00e0s 17h, com dura\u00e7\u00e3o de cinco meses. Haver\u00e1 bolsa mensal para ajuda de custo de R$ 300, al\u00e9m de R$ 100 para transporte e alimenta\u00e7\u00e3o.<\/p>\n<p>O Conselho Municipal dos Direitos da Pessoa com Defici\u00eancia, o Sentrinho e pessoas f\u00edsicas acompanhar\u00e3o o andamento do curso, fazendo visitas regulares, na condi\u00e7\u00e3o de serem membros de Comit\u00ea Gestor, que vai, inclusive, avaliar o curso de Qualifica\u00e7\u00e3o Profissional em Auxiliar de Opera\u00e7\u00f5es de Log\u00edstica.<\/p>\n<p>Segundo o presidente do Conselho Municipal dos Direitos da Pessoa com Defici\u00eancia, Victor Souza, essas aulas levar\u00e3o \u00e0s pessoas com defici\u00eancia a capacidade de controlar recebimento, armazenamento e distribui\u00e7\u00e3o de materiais. \u201cTudo ser\u00e1 feito manualmente ou com o uso de recursos computacionais, conforme regras t\u00e9cnicas em prol da seguran\u00e7a e do meio ambiente\u201d, avalia ele.<\/p>\n<p><a href=\"http:\/\/www.macae.rj.gov.br\/noticias\/leitura\/noticia\/inscricoes-abertas-para-curso-para-pessoas-com-deficiencia\">Fonte: Prefeitura de Maca\u00e9<\/a><br \/>\nJornalista: Equipe Secom<br \/>\n<b>Foto:<\/b>\u00a0Arquivo Secom<\/p>\n","protected":false},"excerpt":{"rendered":"<p>Para garantir empregabilidade para pessoas com defici\u00eancia e inclui-las na sociedade, possibilitando a elas maior autonomia, o Minist\u00e9rio P\u00fablico do<\/p>\n","protected":false},"author":7,"featured_media":14813,"comment_status":"open","ping_status":"open","sticky":false,"template":"","format":"standard","meta":{"footnotes":""},"categories":[177],"tags":[288],"class_list":["post-14812","post","type-post","status-publish","format-standard","has-post-thumbnail","hentry","category-materias","tag-macae"],"_links":{"self":[{"href":"https:\/\/www.azullimao.com.br\/portal\/wp-json\/wp\/v2\/posts\/14812","targetHints":{"allow":["GET"]}}],"collection":[{"href":"https:\/\/www.azullimao.com.br\/portal\/wp-json\/wp\/v2\/posts"}],"about":[{"href":"https:\/\/www.azullimao.com.br\/portal\/wp-json\/wp\/v2\/types\/post"}],"author":[{"embeddable":true,"href":"https:\/\/www.azullimao.com.br\/portal\/wp-json\/wp\/v2\/users\/7"}],"replies":[{"embeddable":true,"href":"https:\/\/www.azullimao.com.br\/portal\/wp-json\/wp\/v2\/comments?post=14812"}],"version-history":[{"count":1,"href":"https:\/\/www.azullimao.com.br\/portal\/wp-json\/wp\/v2\/posts\/14812\/revisions"}],"predecessor-version":[{"id":14814,"href":"https:\/\/www.azullimao.com.br\/portal\/wp-json\/wp\/v2\/posts\/14812\/revisions\/14814"}],"wp:featuredmedia":[{"embeddable":true,"href":"https:\/\/www.azullimao.com.br\/portal\/wp-json\/wp\/v2\/media\/14813"}],"wp:attachment":[{"href":"https:\/\/www.azullimao.com.br\/portal\/wp-json\/wp\/v2\/media?parent=14812"}],"wp:term":[{"taxonomy":"category","embeddable":true,"href":"https:\/\/www.azullimao.com.br\/portal\/wp-json\/wp\/v2\/categories?post=14812"},{"taxonomy":"post_tag","embeddable":true,"href":"https:\/\/www.azullimao.com.br\/portal\/wp-json\/wp\/v2\/tags?post=14812"}],"curies":[{"name":"wp","href":"https:\/\/api.w.org\/{rel}","templated":true}]}}