{"id":14805,"date":"2019-10-23T11:05:19","date_gmt":"2019-10-23T14:05:19","guid":{"rendered":"http:\/\/www.azullimao.com.br\/portal\/?p=14805"},"modified":"2019-10-23T11:05:19","modified_gmt":"2019-10-23T14:05:19","slug":"luciano-szafir-elisa-lucinda-e-julio-braz-participam-da-feira-literaria-de-macae","status":"publish","type":"post","link":"https:\/\/www.azullimao.com.br\/portal\/materias\/luciano-szafir-elisa-lucinda-e-julio-braz-participam-da-feira-literaria-de-macae\/","title":{"rendered":"Luciano Szafir, Elisa Lucinda e J\u00falio Braz participam da Feira Liter\u00e1ria de Maca\u00e9"},"content":{"rendered":"<p>O ator e modelo Luciano Szafir estar\u00e1 em Maca\u00e9 participando da abertura oficial do II Festival de Literatura &amp; Cultura (FlicMac) que a Prefeitura de Maca\u00e9, atrav\u00e9s da Secretaria Municipal de Educa\u00e7\u00e3o, realiza desta quarta (23) at\u00e9 sexta-feira (25), na Cidade Universit\u00e1ria. Szafir, tamb\u00e9m escritor, autor do livro \u201cQuando os Sonhos se Tornam Realidade, com Rosana Beni, vai falar sobre a import\u00e2ncia da arte, \u00e0s 9h30. O FlicMac traz a Maca\u00e9 tamb\u00e9m os renomados escritores, o mineiro J\u00falio Em\u00edlio Braz, ganhador do Pr\u00eamio Jabuti, no Caf\u00e9 Liter\u00e1rio, nesta quarta, \u00e0s 15h, e a capixaba Elisa Lucinda, poeta, jornalista, cantora e atriz, no mesmo espa\u00e7o, sexta, \u00e0s 13h. A entrada \u00e9 franca nos tr\u00eas dias do evento.<\/p>\n<p>A programa\u00e7\u00e3o \u00e9 extensa com atra\u00e7\u00f5es simult\u00e2neas em seis espa\u00e7os diferentes: palco, espa\u00e7o livre, flicmaczinha, caf\u00e9 liter\u00e1rio, galp\u00e3o liter\u00e1rio e espa\u00e7o da conviv\u00eancia. O tema central do festival \u00e9 \u201cMama \u00c1frica \u2013 a Literatura e a Arte como Forma de Vencer o Preconceito\u201d. Todas as escolas p\u00fablicas e particulares do munic\u00edpio foram convidadas para participar e a expectativa \u00e9 de que pelo menos oito mil pessoas prestigiem o festival, segundo o secret\u00e1rio municipal de Educa\u00e7\u00e3o, Guto Garcia.<\/p>\n<p>O festival \u00e9 realizado pela Secretaria Municipal de Educa\u00e7\u00e3o, por meio da Coordena\u00e7\u00e3o de Cultura da Superintend\u00eancia de Educa\u00e7\u00e3o Integrada, e h\u00e1 atra\u00e7\u00f5es em parceria com a Secretaria Municipal de Cultura, como a apresenta\u00e7\u00e3o da Orquestra Popular Macaense. A Cidade Universit\u00e1ria conta com amplo estacionamento gratuito e podem participar do festival pessoas de todas as idades.<\/p>\n<p>\u201cO FlicMac \u00e9 uma oportunidade de levarmos literatura e cultura a todas as pessoas no mesmo espa\u00e7o, cheio de atra\u00e7\u00f5es e debates sobre temas importantes, al\u00e9m de programa\u00e7\u00e3o e conte\u00fados tamb\u00e9m para as crian\u00e7as porque \u00e9 importante ampliar os conhecimentos desde pequeno. A popula\u00e7\u00e3o ter\u00e1 a oportunidade de conhecer as obras e os autores durante o evento e at\u00e9 bater papo com eles. Convido as crian\u00e7as, jovens, adultos e idosos para participarem deste festival. Haver\u00e1 atra\u00e7\u00f5es para todas as idades\u201d, destacou o secret\u00e1rio.<\/p>\n<p>O evento reunir\u00e1, al\u00e9m de escritores, m\u00fasicos, contadores de hist\u00f3ria, palestrantes, dan\u00e7a, apresenta\u00e7\u00e3o de jongo, capoeira, exposi\u00e7\u00e3o de projetos pedag\u00f3gicos da rede p\u00fablica municipal de ensino, lan\u00e7amento de livros, bate-papo e aut\u00f3grafos com autores. Haver\u00e1, ainda, exposi\u00e7\u00e3o de fotografias e de desenhos e oficinas de turbantes. O I Festival foi realizado em novembro de 2017, na Praia de Imbetiba.<\/p>\n<p>A Cidade Universit\u00e1ria est\u00e1 localizada \u00e0 Rua Alo\u00edsio da Silva Gomes, 50, bairro Granja dos Cavaleiros, em frente ao Shopping Plaza Maca\u00e9.<\/p>\n<p>Conhe\u00e7a as atra\u00e7\u00f5es especiais<\/p>\n<p>J\u00falio Braz far\u00e1 um bate-papo sobre as suas obras, o mundo acad\u00eamico e a import\u00e2ncia da literatura infantojuvenil que lhe rendeu o pr\u00eamio Jabuti pelo seu primeiro livro, Sanguairu. Elisa Lucinda estar\u00e1 no Caf\u00e9 Liter\u00e1rio, na sexta-feira, \u00e0s 13h, destacando quest\u00f5es sobre a arte e a poesia no cotidiano e os seus \u00faltimos trabalhos como a colet\u00e2nea de textos \u201cLivros do Avesso, os pensamentos de Edite\u201d. Ela \u00e9 autora de livros como \u201cA Menina Transparente\u201d, \u201cA Dona da Festa\u201d, \u201cA F\u00faria da Beleza\u201d, \u201cA Poesia do Encontro\u201d, entre outros.<\/p>\n<p>Braz \u00e9 tamb\u00e9m ilustrador, j\u00e1 publicou mais de 150 obras e ganhou o Austrian Children Book Award, em 1997, pela vers\u00e3o alem\u00e3 de \u201cCrian\u00e7as na Escurid\u00e3o\u201d. Ele \u00e9 autor tamb\u00e9m de \u201cCenas Urbanas\u201d, \u2018Abre-te S\u00e9samo\u201d, \u201cZumbi o Despertar da Liberdade\u201d, \u201cUm Conto de Fim de Mundo \u2013 A Prostitui\u00e7\u00e3o Infantil\u201d, entre outras obras.<\/p>\n<p>Szafir participou em mais de 18 novelas, entre elas Malha\u00e7\u00e3o, Anjo Mau e O Clone, na Rede Globo, e tamb\u00e9m atuou como apresentador, al\u00e9m de ser empres\u00e1rio. No cinema, fez quase 20 filmes como \u00d3pera do Mallandro e os Dez Mandamentos, entre outros.<\/p>\n<p style=\"text-align: center;\"><img loading=\"lazy\" decoding=\"async\" class=\"aligncenter wp-image-14806 size-full\" src=\"https:\/\/www.azullimao.com.br\/portal\/wp-content\/uploads\/2019\/10\/WhatsApp-Image-2019-10-22-at-10_21_21.jpeg\" alt=\"\" width=\"904\" height=\"1280\" srcset=\"https:\/\/www.azullimao.com.br\/portal\/wp-content\/uploads\/2019\/10\/WhatsApp-Image-2019-10-22-at-10_21_21.jpeg 904w, https:\/\/www.azullimao.com.br\/portal\/wp-content\/uploads\/2019\/10\/WhatsApp-Image-2019-10-22-at-10_21_21-212x300.jpeg 212w, https:\/\/www.azullimao.com.br\/portal\/wp-content\/uploads\/2019\/10\/WhatsApp-Image-2019-10-22-at-10_21_21-768x1087.jpeg 768w, https:\/\/www.azullimao.com.br\/portal\/wp-content\/uploads\/2019\/10\/WhatsApp-Image-2019-10-22-at-10_21_21-723x1024.jpeg 723w\" sizes=\"auto, (max-width: 904px) 100vw, 904px\" \/><\/p>\n<p><a href=\"http:\/\/www.macae.rj.gov.br\/noticias\/leitura\/noticia\/luciano-szafir-elisa-lucinda-e-julio-braz-participam-da-feira-literaria-de-macae\" target=\"_blank\" rel=\"noopener noreferrer\">Fonte: Prefeitura de Maca\u00e9<\/a><br \/>\nJornalista: Elis Regina Nuffer<br \/>\nFoto: divulga\u00e7\u00e3o<\/p>\n","protected":false},"excerpt":{"rendered":"<p>O ator e modelo Luciano Szafir estar\u00e1 em Maca\u00e9 participando da abertura oficial do II Festival de Literatura &amp; Cultura<\/p>\n","protected":false},"author":7,"featured_media":14807,"comment_status":"open","ping_status":"open","sticky":false,"template":"","format":"standard","meta":{"footnotes":""},"categories":[177],"tags":[],"class_list":["post-14805","post","type-post","status-publish","format-standard","has-post-thumbnail","hentry","category-materias"],"_links":{"self":[{"href":"https:\/\/www.azullimao.com.br\/portal\/wp-json\/wp\/v2\/posts\/14805","targetHints":{"allow":["GET"]}}],"collection":[{"href":"https:\/\/www.azullimao.com.br\/portal\/wp-json\/wp\/v2\/posts"}],"about":[{"href":"https:\/\/www.azullimao.com.br\/portal\/wp-json\/wp\/v2\/types\/post"}],"author":[{"embeddable":true,"href":"https:\/\/www.azullimao.com.br\/portal\/wp-json\/wp\/v2\/users\/7"}],"replies":[{"embeddable":true,"href":"https:\/\/www.azullimao.com.br\/portal\/wp-json\/wp\/v2\/comments?post=14805"}],"version-history":[{"count":1,"href":"https:\/\/www.azullimao.com.br\/portal\/wp-json\/wp\/v2\/posts\/14805\/revisions"}],"predecessor-version":[{"id":14808,"href":"https:\/\/www.azullimao.com.br\/portal\/wp-json\/wp\/v2\/posts\/14805\/revisions\/14808"}],"wp:featuredmedia":[{"embeddable":true,"href":"https:\/\/www.azullimao.com.br\/portal\/wp-json\/wp\/v2\/media\/14807"}],"wp:attachment":[{"href":"https:\/\/www.azullimao.com.br\/portal\/wp-json\/wp\/v2\/media?parent=14805"}],"wp:term":[{"taxonomy":"category","embeddable":true,"href":"https:\/\/www.azullimao.com.br\/portal\/wp-json\/wp\/v2\/categories?post=14805"},{"taxonomy":"post_tag","embeddable":true,"href":"https:\/\/www.azullimao.com.br\/portal\/wp-json\/wp\/v2\/tags?post=14805"}],"curies":[{"name":"wp","href":"https:\/\/api.w.org\/{rel}","templated":true}]}}