{"id":14744,"date":"2019-10-17T19:02:04","date_gmt":"2019-10-17T22:02:04","guid":{"rendered":"http:\/\/www.azullimao.com.br\/portal\/?p=14744"},"modified":"2019-10-17T19:04:00","modified_gmt":"2019-10-17T22:04:00","slug":"mesa-discutira-direito-administrativo-e-novas-tecnologias","status":"publish","type":"post","link":"https:\/\/www.azullimao.com.br\/portal\/colunas\/renato-martins\/mesa-discutira-direito-administrativo-e-novas-tecnologias\/","title":{"rendered":"Mesa discutir\u00e1 \u2018Direito Administrativo e Novas Tecnologias\u2019"},"content":{"rendered":"<p>As inscri\u00e7\u00f5es para a mesa-redonda \u201cDireito Administrativo e Novas Tecnologias\u201d, que acontecer\u00e1 no Laborat\u00f3rio de Inova\u00e7\u00e3o em Gest\u00e3o P\u00fablica, na ter\u00e7a-feira (22), das 14h \u00e0s 17h, j\u00e1 est\u00e3o abertas. O evento \u00e9 direcionado aos servidores e outros profissionais que atuam na \u00e1rea jur\u00eddica. <a href=\"https:\/\/www.even3.com.br\/direitoadministrativoenovastecnologias\" target=\"_blank\" rel=\"noopener noreferrer\">O cadastro pode ser feito aqui no link<\/a>. As vagas s\u00e3o limitadas.<\/p>\n<p>De acordo com o mediador, Jer\u00f4nimo Lima, o debate ir\u00e1 relacionar como a inova\u00e7\u00e3o e a tecnologia ir\u00e3o influenciar no direito administrativo como, por exemplo, atos administrativos eletr\u00f4nicos e governo digital.<\/p>\n<p>\u201cA sociedade da informa\u00e7\u00e3o demanda novas habilidades e conhecimentos. A gest\u00e3o p\u00fablica precisa se adequar a essa nova realidade. Nesse contexto, o direito administrativo \u00e9 ferramenta essencial para possibilitar o progresso e o desenvolvimento tecnol\u00f3gico no setor p\u00fablico. Essa \u00e9 a proposta dessa mesa-redonda: debater em conjunto o direito administrativo digital e a gest\u00e3o p\u00fablica do futuro\u201d, destaca o mediador.<\/p>\n<p>O Laborat\u00f3rio de Inova\u00e7\u00e3o em Gest\u00e3o P\u00fablica funciona na sede do Programa Startup Maca\u00e9, na Avenida Nossa Senhora da Gl\u00f3ria, 2975, Cavaleiros.<\/p>\n<p><a href=\"http:\/\/www.macae.rj.gov.br\/noticias\/leitura\/noticia\/mesa-discutira-direito-administrativo-e-novas-tecnologias\" target=\"_blank\" rel=\"noopener noreferrer\">Fonte: Prefeitura de Maca\u00e9<\/a><br \/>\nJornalista: Tatiana Gama<br \/>\n<b>Foto:<\/b>\u00a0Jo\u00e3o Barreto<\/p>\n","protected":false},"excerpt":{"rendered":"<p>As inscri\u00e7\u00f5es para a mesa-redonda \u201cDireito Administrativo e Novas Tecnologias\u201d, que acontecer\u00e1 no Laborat\u00f3rio de Inova\u00e7\u00e3o em Gest\u00e3o P\u00fablica, na<\/p>\n","protected":false},"author":7,"featured_media":13942,"comment_status":"open","ping_status":"open","sticky":false,"template":"","format":"standard","meta":{"footnotes":""},"categories":[192,166,173],"tags":[],"class_list":["post-14744","post","type-post","status-publish","format-standard","has-post-thumbnail","hentry","category-colunas","category-renato-martins","category-tecnologia"],"_links":{"self":[{"href":"https:\/\/www.azullimao.com.br\/portal\/wp-json\/wp\/v2\/posts\/14744","targetHints":{"allow":["GET"]}}],"collection":[{"href":"https:\/\/www.azullimao.com.br\/portal\/wp-json\/wp\/v2\/posts"}],"about":[{"href":"https:\/\/www.azullimao.com.br\/portal\/wp-json\/wp\/v2\/types\/post"}],"author":[{"embeddable":true,"href":"https:\/\/www.azullimao.com.br\/portal\/wp-json\/wp\/v2\/users\/7"}],"replies":[{"embeddable":true,"href":"https:\/\/www.azullimao.com.br\/portal\/wp-json\/wp\/v2\/comments?post=14744"}],"version-history":[{"count":3,"href":"https:\/\/www.azullimao.com.br\/portal\/wp-json\/wp\/v2\/posts\/14744\/revisions"}],"predecessor-version":[{"id":14747,"href":"https:\/\/www.azullimao.com.br\/portal\/wp-json\/wp\/v2\/posts\/14744\/revisions\/14747"}],"wp:featuredmedia":[{"embeddable":true,"href":"https:\/\/www.azullimao.com.br\/portal\/wp-json\/wp\/v2\/media\/13942"}],"wp:attachment":[{"href":"https:\/\/www.azullimao.com.br\/portal\/wp-json\/wp\/v2\/media?parent=14744"}],"wp:term":[{"taxonomy":"category","embeddable":true,"href":"https:\/\/www.azullimao.com.br\/portal\/wp-json\/wp\/v2\/categories?post=14744"},{"taxonomy":"post_tag","embeddable":true,"href":"https:\/\/www.azullimao.com.br\/portal\/wp-json\/wp\/v2\/tags?post=14744"}],"curies":[{"name":"wp","href":"https:\/\/api.w.org\/{rel}","templated":true}]}}