{"id":14700,"date":"2019-10-11T14:03:50","date_gmt":"2019-10-11T17:03:50","guid":{"rendered":"http:\/\/www.azullimao.com.br\/portal\/?p=14700"},"modified":"2019-10-11T14:06:18","modified_gmt":"2019-10-11T17:06:18","slug":"dia-das-criancas-em-macae-tera","status":"publish","type":"post","link":"https:\/\/www.azullimao.com.br\/portal\/materias\/dia-das-criancas-em-macae-tera\/","title":{"rendered":"Dia das Crian\u00e7as em Maca\u00e9 ter\u00e1 diversas atra\u00e7\u00f5es"},"content":{"rendered":"<p>Uma programa\u00e7\u00e3o especial ir\u00e1 marcar o Dia das Crian\u00e7as, neste s\u00e1bado (12), em Maca\u00e9. O munic\u00edpio ter\u00e1 atividades na Orla dos Cavaleiros, Parque Atalaia, Nova Holanda, al\u00e9m da regi\u00e3o serrana. Entre as atra\u00e7\u00f5es est\u00e3o piquenique, anima\u00e7\u00e3o infantil, corrida kids, futmesa, minifutebol e outras atividades.<\/p>\n<p>Para quem gosta de muito verde, o Parque Atalaia ser\u00e1 o ponto de encontro de 150 crian\u00e7as e seus pais, vinculados ao Motivados pelo Autismo Maca\u00e9 (Mopam), entre 11h e 15h. Haver\u00e1 piquenique e brincadeiras com teatro e anima\u00e7\u00e3o do professor Andr\u00e9 de Carvalho. O Parque fica na estrada Maca\u00e9 \u2013 Glic\u00e9rio, antes do distrito de C\u00f3rrego do Ouro, seguindo sinaliza\u00e7\u00e3o.<\/p>\n<p>A Secretaria de Cultura est\u00e1 com uma s\u00e9rie de atividades culturais e recreativas, neste m\u00eas de outubro, para comemorar o Dia das Crian\u00e7as. Nesta sexta-feira (11), a agenda cultural est\u00e1 reservada ao espet\u00e1culo Carrossel Brincante, da Cia Chirulico, que ser\u00e1 apresentado no Teatro Municipal de Maca\u00e9 em duas sess\u00f5es, \u00e0s 9h30 e \u00e0s 14h30. As apresenta\u00e7\u00f5es s\u00e3o voltadas para alunos da rede municipal de ensino. O Mundo Encantado da tia Mayra \u00e9 a atividade que vai levar a anima\u00e7\u00e3o infantil para divertir a garotada do Ciep Nova Holanda, no s\u00e1bado (12), \u00e0s 10h.<\/p>\n<p>A programa\u00e7\u00e3o continuar\u00e1 dia 17, \u00e0s 15h, na Pra\u00e7a das Malvinas com a oficina de teatro O Corpo C\u00f4mico, com a Cia do Solo. Nesta atividade haver\u00e1 30 vagas para crian\u00e7as de sete a 10 anos. No mesmo dia, a Cia do Solo animar\u00e1 a crian\u00e7ada com o espet\u00e1culo Trampos e Trapa\u00e7as, \u00e0s 18h, na quadra do Morro de S\u00e3o Jorge. A serra macaense receber\u00e1 o Cinema na Rua, com sess\u00f5es no Trapiche, dia 18, \u00e0s 18h30. O encerramento da celebra\u00e7\u00e3o ir\u00e1 acontecer no Solar dos Mellos, dia 24, \u00e0s 19h, com o Circo a c\u00e9u aberto, comandado pelo Palha\u00e7o Fabiano.<\/p>\n<p>J\u00e1 na orla dos Cavaleiros, a anima\u00e7\u00e3o ficar\u00e1 por conta do Fest Crian\u00e7a, das 8h \u00e0s 11h30. O evento, organizado pela Secretaria de Esportes, contar\u00e1 com diversas atividades recreativas no Espa\u00e7o de Conviv\u00eancia para o p\u00fablico infanto-juvenil. As brincadeiras ser\u00e3o conduzidas pelos profissionais de educa\u00e7\u00e3o f\u00edsica. Entre as a\u00e7\u00f5es est\u00e3o corrida kids &#8211; para cem atletas mirins, com direito a medalhas -, futmesa, minifutebol e outras atividades animar\u00e3o meninos e meninas e seus pais, numa a\u00e7\u00e3o de lazer que envolver\u00e1 toda a fam\u00edlia.<\/p>\n<p>A Secretaria de Educa\u00e7\u00e3o realizar\u00e1, at\u00e9 o final deste m\u00eas de outubro, diversas atividades para alunos das escolas da serra, bairros e \u00e1rea central, seguindo o calend\u00e1rio espec\u00edfico de cada unidade.<\/p>\n<p><a href=\"http:\/\/www.macae.rj.gov.br\/noticias\/leitura\/noticia\/dia-das-criancas-em-macae-tera-diversas-atracoes\" target=\"_blank\" rel=\"noopener noreferrer\">Fonte: Prefeitura de Maca\u00e9<\/a><br \/>\nJornalista: Equipe Secom<\/p>\n","protected":false},"excerpt":{"rendered":"<p>Uma programa\u00e7\u00e3o especial ir\u00e1 marcar o Dia das Crian\u00e7as, neste s\u00e1bado (12), em Maca\u00e9. O munic\u00edpio ter\u00e1 atividades na Orla<\/p>\n","protected":false},"author":7,"featured_media":14701,"comment_status":"open","ping_status":"open","sticky":false,"template":"","format":"standard","meta":{"footnotes":""},"categories":[177],"tags":[288],"class_list":["post-14700","post","type-post","status-publish","format-standard","has-post-thumbnail","hentry","category-materias","tag-macae"],"_links":{"self":[{"href":"https:\/\/www.azullimao.com.br\/portal\/wp-json\/wp\/v2\/posts\/14700","targetHints":{"allow":["GET"]}}],"collection":[{"href":"https:\/\/www.azullimao.com.br\/portal\/wp-json\/wp\/v2\/posts"}],"about":[{"href":"https:\/\/www.azullimao.com.br\/portal\/wp-json\/wp\/v2\/types\/post"}],"author":[{"embeddable":true,"href":"https:\/\/www.azullimao.com.br\/portal\/wp-json\/wp\/v2\/users\/7"}],"replies":[{"embeddable":true,"href":"https:\/\/www.azullimao.com.br\/portal\/wp-json\/wp\/v2\/comments?post=14700"}],"version-history":[{"count":1,"href":"https:\/\/www.azullimao.com.br\/portal\/wp-json\/wp\/v2\/posts\/14700\/revisions"}],"predecessor-version":[{"id":14702,"href":"https:\/\/www.azullimao.com.br\/portal\/wp-json\/wp\/v2\/posts\/14700\/revisions\/14702"}],"wp:featuredmedia":[{"embeddable":true,"href":"https:\/\/www.azullimao.com.br\/portal\/wp-json\/wp\/v2\/media\/14701"}],"wp:attachment":[{"href":"https:\/\/www.azullimao.com.br\/portal\/wp-json\/wp\/v2\/media?parent=14700"}],"wp:term":[{"taxonomy":"category","embeddable":true,"href":"https:\/\/www.azullimao.com.br\/portal\/wp-json\/wp\/v2\/categories?post=14700"},{"taxonomy":"post_tag","embeddable":true,"href":"https:\/\/www.azullimao.com.br\/portal\/wp-json\/wp\/v2\/tags?post=14700"}],"curies":[{"name":"wp","href":"https:\/\/api.w.org\/{rel}","templated":true}]}}