{"id":14649,"date":"2019-10-09T12:33:49","date_gmt":"2019-10-09T15:33:49","guid":{"rendered":"http:\/\/www.azullimao.com.br\/portal\/?p=14649"},"modified":"2019-10-09T12:35:06","modified_gmt":"2019-10-09T15:35:06","slug":"saude-inicia-campanha-contra-sarampo","status":"publish","type":"post","link":"https:\/\/www.azullimao.com.br\/portal\/materias\/saude-inicia-campanha-contra-sarampo\/","title":{"rendered":"Sa\u00fade inicia campanha contra Sarampo em Maca\u00e9"},"content":{"rendered":"<p>Com mais de cinco mil casos confirmados de Sarampo em todo pa\u00eds, o Minist\u00e9rio da Sa\u00fade lan\u00e7ou esta semana a Campanha Nacional de Vacina\u00e7\u00e3o contra o Sarampo. Em Maca\u00e9, a vacina est\u00e1 dispon\u00edvel nos postos localizados nos bairros e distritos. A meta da imuniza\u00e7\u00e3o \u00e9 interromper a circula\u00e7\u00e3o do v\u00edrus do sarampo no pa\u00eds.<\/p>\n<p>A imuniza\u00e7\u00e3o foca em dois grupos: crian\u00e7as de seis meses a menores de cinco anos e adultos na faixa et\u00e1ria de 20 a 29 anos. At\u00e9 o dia 25 de outubro a campanha \u00e9 destinada ao primeiro grupo alvo, que n\u00e3o tenha recebido a vacina. O s\u00e1bado (19) ser\u00e1 o Dia D de mobiliza\u00e7\u00e3o nacional.<\/p>\n<p>No per\u00edodo de 18 a 30 de novembro, ser\u00e1 realizada a vacina\u00e7\u00e3o de adultos jovens, n\u00e3o vacinados, na faixa et\u00e1ria de 20 a 29 anos. As doses administradas s\u00e3o da vacina tr\u00edplice viral, que tamb\u00e9m protege contra a caxumba e a rub\u00e9ola.<\/p>\n<p>A respons\u00e1vel pelo Programa de Imuniza\u00e7\u00e3o da Secretaria de Sa\u00fade, Luciana Santos, lembra que no calend\u00e1rio nacional de vacina\u00e7\u00e3o, a imuniza\u00e7\u00e3o contra o sarampo \u00e9 voltada para crian\u00e7as com um ano e a segunda com um ano e tr\u00eas meses.<\/p>\n<p>&#8220;Por conta do aumento no n\u00famero de casos, o Minist\u00e9rio da Sa\u00fade decidiu incluir crian\u00e7as a partir de 6 meses at\u00e9 11 meses, dose zero, que n\u00e3o ser\u00e1 considerada para fins de esquema vacinal. Essa crian\u00e7a dever\u00e1 retornar ao servi\u00e7o de sa\u00fade aos 12 meses para iniciar a vacina\u00e7\u00e3o de rotina com a triviral&#8221;, frisou.<\/p>\n<p><strong>Casos<\/strong><\/p>\n<p>Segundo dados do Minist\u00e9rio da Sa\u00fade, nos \u00faltimos tr\u00eas meses, o Brasil registrou 5.404 casos confirmados de sarampo: 97% (5.228) est\u00e3o concentrados em 173 munic\u00edpios do estado de S\u00e3o Paulo, principalmente na regi\u00e3o metropolitana. Os outros 176 casos foram registrados em 18 estados, incluindo o Rio de Janeiro. Os dados est\u00e3o no novo boletim epidemiol\u00f3gico do Minist\u00e9rio da Sa\u00fade, divulgado na \u00faltima sexta-feira (4\/10).<\/p>\n<p>Foram confirmados seis \u00f3bitos por sarampo no Brasil, sendo cinco em S\u00e3o Paulo e um em Pernambuco. Quatro \u00f3bitos ocorreram em menores de um ano e dois em adultos com 31 e 42 anos.<\/p>\n<p><strong>Postos de vacina\u00e7\u00e3o<\/strong><\/p>\n<p>1 \u2013 CASA DA VACINA<\/p>\n<p>2 &#8211; PRONTO SOCORRO AEROPORTO<\/p>\n<p>3 &#8211; ESF AJUDA A<\/p>\n<p>4.- ESF AJUDA B<\/p>\n<p>5 &#8211; ESF AJUDA C<\/p>\n<p>6 &#8211; ESF AROEIRA<\/p>\n<p>7 &#8211; ESF ATERRADO DO IMBURO<\/p>\n<p>8 &#8211; ESF BARRA BRAS\u00cdLIA A \/B<\/p>\n<p>9 &#8211; ESF JARDIM FRANCO<\/p>\n<p>10. ESF AREIA BRANCA<\/p>\n<p>11. ESF BICUDA GRANDE<\/p>\n<p>12. ESF BICUDA PEQUENA<\/p>\n<p>13 &#8211; ESF BOTAFOGO<\/p>\n<p>14 &#8211; ESF CAJUEIROS<\/p>\n<p>15 &#8211; ESF CAMPO DO OESTE<\/p>\n<p>16 &#8211; ESF C\u00d3RREGO DO OURO A \/ B<\/p>\n<p>17 &#8211; ESF ENGENHO DA PRAIA<\/p>\n<p>18 &#8211; ESF FRADE<\/p>\n<p>19 &#8211; ESF FRONTEIRA A\/B<\/p>\n<p>20 &#8211; ESF GLIC\u00c9RIO<\/p>\n<p>21 &#8211; ESF HORTO<\/p>\n<p>22 &#8211; ESF IMBETIBA<\/p>\n<p>23 &#8211; ESF LAGOMAR A \/D<\/p>\n<p>24 &#8211; ESF LAGOMAR B\/C<\/p>\n<p>25 &#8211; ESF MALVINAS A\/C<\/p>\n<p>26 &#8211; ESF MALVINAS B<\/p>\n<p>27 &#8211; ESF MORRO DE S\u00c3O JORGE<\/p>\n<p>28 &#8211; ESF NOVA ESPERAN\u00c7A A\/B<\/p>\n<p>29 &#8211; ESF NOVA HOLANDA A \/B<\/p>\n<p>30 &#8211; ESF PRAIA CAMPISTA<\/p>\n<p>31 &#8211; ESF SANA<\/p>\n<p>32 &#8211; ESF TRAPICHE<\/p>\n<p>33 &#8211; ESF VIRGEM SANTA<\/p>\n<p>34 &#8211; ESF VISCONDE<\/p>\n<p>35 &#8211; UBS BARRAMARES<\/p>\n<p><a href=\"http:\/\/www.macae.rj.gov.br\/noticias\/leitura\/noticia\/saude-inicia-campanha-contra-sarampo\" target=\"_blank\" rel=\"noopener noreferrer\">Fonte: Prefeitura de Maca\u00e9<\/a><br \/>\nJornalista: Genimarta Oliveir<\/p>\n","protected":false},"excerpt":{"rendered":"<p>Com mais de cinco mil casos confirmados de Sarampo em todo pa\u00eds, o Minist\u00e9rio da Sa\u00fade lan\u00e7ou esta semana a<\/p>\n","protected":false},"author":7,"featured_media":14650,"comment_status":"open","ping_status":"open","sticky":false,"template":"","format":"standard","meta":{"footnotes":""},"categories":[177],"tags":[],"class_list":["post-14649","post","type-post","status-publish","format-standard","has-post-thumbnail","hentry","category-materias"],"_links":{"self":[{"href":"https:\/\/www.azullimao.com.br\/portal\/wp-json\/wp\/v2\/posts\/14649","targetHints":{"allow":["GET"]}}],"collection":[{"href":"https:\/\/www.azullimao.com.br\/portal\/wp-json\/wp\/v2\/posts"}],"about":[{"href":"https:\/\/www.azullimao.com.br\/portal\/wp-json\/wp\/v2\/types\/post"}],"author":[{"embeddable":true,"href":"https:\/\/www.azullimao.com.br\/portal\/wp-json\/wp\/v2\/users\/7"}],"replies":[{"embeddable":true,"href":"https:\/\/www.azullimao.com.br\/portal\/wp-json\/wp\/v2\/comments?post=14649"}],"version-history":[{"count":2,"href":"https:\/\/www.azullimao.com.br\/portal\/wp-json\/wp\/v2\/posts\/14649\/revisions"}],"predecessor-version":[{"id":14652,"href":"https:\/\/www.azullimao.com.br\/portal\/wp-json\/wp\/v2\/posts\/14649\/revisions\/14652"}],"wp:featuredmedia":[{"embeddable":true,"href":"https:\/\/www.azullimao.com.br\/portal\/wp-json\/wp\/v2\/media\/14650"}],"wp:attachment":[{"href":"https:\/\/www.azullimao.com.br\/portal\/wp-json\/wp\/v2\/media?parent=14649"}],"wp:term":[{"taxonomy":"category","embeddable":true,"href":"https:\/\/www.azullimao.com.br\/portal\/wp-json\/wp\/v2\/categories?post=14649"},{"taxonomy":"post_tag","embeddable":true,"href":"https:\/\/www.azullimao.com.br\/portal\/wp-json\/wp\/v2\/tags?post=14649"}],"curies":[{"name":"wp","href":"https:\/\/api.w.org\/{rel}","templated":true}]}}