{"id":14569,"date":"2019-10-02T18:28:08","date_gmt":"2019-10-02T21:28:08","guid":{"rendered":"http:\/\/www.azullimao.com.br\/portal\/?p=14569"},"modified":"2019-10-02T18:28:08","modified_gmt":"2019-10-02T21:28:08","slug":"outubro-rosa-alerta-sobre-prevencao-ao-cancer-de-mama","status":"publish","type":"post","link":"https:\/\/www.azullimao.com.br\/portal\/materias\/outubro-rosa-alerta-sobre-prevencao-ao-cancer-de-mama\/","title":{"rendered":"Outubro Rosa alerta sobre preven\u00e7\u00e3o ao c\u00e2ncer de mama"},"content":{"rendered":"<p>M\u00eas marcado pela conscientiza\u00e7\u00e3o sobre a preven\u00e7\u00e3o e diagn\u00f3stico precoce do c\u00e2ncer de mama, este m\u00eas ser\u00e1 marcado por uma s\u00e9rie de a\u00e7\u00f5es alusivas ao Outubro Rosa. A Secretaria de Sa\u00fade ir\u00e1 promover palestras, rodas de conversa, salas de espera, caminhadas, exame preventivo do c\u00e2ncer de colo de \u00fatero e de mama, oferta de mamografias para rastreamento do c\u00e2ncer de mama, entre outros.<\/p>\n<p>As atividades do Outubro Rosa ir\u00e3o acontecer durante todo o m\u00eas em diversas unidades de sa\u00fade, institui\u00e7\u00f5es p\u00fablicas e privadas. A equipe do Programa Sa\u00fade da Mulher realizar\u00e1 palestras sobre diagn\u00f3stico precoce, preven\u00e7\u00e3o e tratamento do c\u00e2ncer de mama nas empresas L.A. Falc\u00e3o Bauer (3\/10), Tiger Rentank (9\/10) e no Programa Aprendiz Legal (Centro Integrado Empresa-Escola CIEE Rio), nos dias 23 e 24.<\/p>\n<p>Dentro da proposta de promo\u00e7\u00e3o e preven\u00e7\u00e3o de doen\u00e7as da rede municipal de sa\u00fade, o munic\u00edpio adquiriu recentemente um novo equipamento de mamografia digital, visando \u00e0 preven\u00e7\u00e3o e \u00e0 detec\u00e7\u00e3o precoce do c\u00e2ncer de mama.<\/p>\n<p>Com a chegada do novo mam\u00f3grafo, a secretaria ampliou o n\u00famero de exames ofertados e, atualmente, s\u00e3o realizadas por m\u00eas aproximadamente 800 mamografias. Quando a mulher \u00e9 diagnosticada com c\u00e2ncer, ela \u00e9 encaminhada para institui\u00e7\u00f5es de refer\u00eancia neste tipo de atendimento.<\/p>\n<p><strong>Movimento<\/strong> &#8211; O Outubro Rosa \u00e9 um movimento internacional que visa ao est\u00edmulo \u00e0 luta contra o c\u00e2ncer de mama. A a\u00e7\u00e3o come\u00e7ou em 1997, nos Estados Unidos, e foi ganhando o mundo como uma forma de conscientiza\u00e7\u00e3o acerca da import\u00e2ncia de um diagn\u00f3stico precoce e de alerta para a grande quantidade de mortes relacionadas com essa doen\u00e7a.<\/p>\n<p>No Brasil, o movimento aconteceu em outubro de 2002, quando o monumento Mausol\u00e9u do Soldado Constitucionalista, tamb\u00e9m chamado de Obelisco do Ibirapuera, em S\u00e3o Paulo, foi iluminado de rosa. Em outubro de 2008, o movimento ganhou for\u00e7a e v\u00e1rias cidades brasileiras foram iluminadas como uma forma de chamar a aten\u00e7\u00e3o para a sa\u00fade da mulher.<\/p>\n<p><strong>Programa\u00e7\u00e3o<\/strong><\/p>\n<p>3\/10 &#8211; 9h &#8211; Palestra sobre diagn\u00f3stico precoce, preven\u00e7\u00e3o e tratamento do c\u00e2ncer de mama na empresa L.A. Falc\u00e3o Bauer.<\/p>\n<p>9\/10 &#8211; 8h \u2013 Palestra sobre diagn\u00f3stico precoce, preven\u00e7\u00e3o e tratamento do c\u00e2ncer de mama na empresa Tiger Rentank.<\/p>\n<p>4, 11, 18 e 25\/10 &#8211; 9h UBS Barramares &#8211; Salas de espera com demonstra\u00e7\u00e3o de como realizar o autoexame das mamas com o aux\u00edlio de mamas de croch\u00ea e mamas com n\u00f3dulos palp\u00e1veis.<\/p>\n<p>23 e 24 de outubro &#8211; 9 h &#8211; Palestra sobre diagn\u00f3stico precoce, preven\u00e7\u00e3o e tratamento do c\u00e2ncer de mama no Programa Aprendiz Legal (Centro Integrado Empresa-Escola CIEE Rio).<\/p>\n<p>ESF Praia Campista<\/p>\n<p>21\/10 &#8211; 8h &#8211; Aul\u00e3o de alongamento.<\/p>\n<p>22\/10 &#8211; 8h &#8211; Aul\u00e3o de gin\u00e1stica.<\/p>\n<p>23\/10 &#8211; 8h \u2013 Sala de espera.<\/p>\n<p>23\/10 \u2013 8h e 13 horas \u2013 Realiza\u00e7\u00e3o de exame preventivo do c\u00e2ncer de mama e colo de \u00fatero, com oferta de mamografias para rastreio.<\/p>\n<p>24\/10 &#8211; 8h &#8211; Apresenta\u00e7\u00e3o do Grupo Grutas e Testagem R\u00e1pida para HIV, S\u00edfilis, Hepatites B e C.<\/p>\n<p>25\/10 &#8211; 9h &#8211; Encerramento com orienta\u00e7\u00e3o nutricional e caf\u00e9 da manh\u00e3.<\/p>\n<p>24\/10 &#8211; 9h &#8211; Palestra sobre diagn\u00f3stico precoce, tratamento e preven\u00e7\u00e3o do c\u00e2ncer de mama &#8211; ESF Ajuda A.<\/p>\n<p>Fonte: Prefeitura de Maca\u00e9<br \/>\nJornalista: Genimarta Oliveira<br \/>\n<b>Foto:<\/b> Arte<\/p>\n","protected":false},"excerpt":{"rendered":"<p>M\u00eas marcado pela conscientiza\u00e7\u00e3o sobre a preven\u00e7\u00e3o e diagn\u00f3stico precoce do c\u00e2ncer de mama, este m\u00eas ser\u00e1 marcado por uma<\/p>\n","protected":false},"author":7,"featured_media":14570,"comment_status":"open","ping_status":"open","sticky":false,"template":"","format":"standard","meta":{"footnotes":""},"categories":[177],"tags":[],"class_list":["post-14569","post","type-post","status-publish","format-standard","has-post-thumbnail","hentry","category-materias"],"_links":{"self":[{"href":"https:\/\/www.azullimao.com.br\/portal\/wp-json\/wp\/v2\/posts\/14569","targetHints":{"allow":["GET"]}}],"collection":[{"href":"https:\/\/www.azullimao.com.br\/portal\/wp-json\/wp\/v2\/posts"}],"about":[{"href":"https:\/\/www.azullimao.com.br\/portal\/wp-json\/wp\/v2\/types\/post"}],"author":[{"embeddable":true,"href":"https:\/\/www.azullimao.com.br\/portal\/wp-json\/wp\/v2\/users\/7"}],"replies":[{"embeddable":true,"href":"https:\/\/www.azullimao.com.br\/portal\/wp-json\/wp\/v2\/comments?post=14569"}],"version-history":[{"count":1,"href":"https:\/\/www.azullimao.com.br\/portal\/wp-json\/wp\/v2\/posts\/14569\/revisions"}],"predecessor-version":[{"id":14571,"href":"https:\/\/www.azullimao.com.br\/portal\/wp-json\/wp\/v2\/posts\/14569\/revisions\/14571"}],"wp:featuredmedia":[{"embeddable":true,"href":"https:\/\/www.azullimao.com.br\/portal\/wp-json\/wp\/v2\/media\/14570"}],"wp:attachment":[{"href":"https:\/\/www.azullimao.com.br\/portal\/wp-json\/wp\/v2\/media?parent=14569"}],"wp:term":[{"taxonomy":"category","embeddable":true,"href":"https:\/\/www.azullimao.com.br\/portal\/wp-json\/wp\/v2\/categories?post=14569"},{"taxonomy":"post_tag","embeddable":true,"href":"https:\/\/www.azullimao.com.br\/portal\/wp-json\/wp\/v2\/tags?post=14569"}],"curies":[{"name":"wp","href":"https:\/\/api.w.org\/{rel}","templated":true}]}}